{"id":249866,"date":"2026-03-22T21:49:20","date_gmt":"2026-03-23T04:49:20","guid":{"rendered":"https:\/\/rnoticias.com.mx\/Portal\/?p=249866"},"modified":"2026-03-22T21:49:20","modified_gmt":"2026-03-23T04:49:20","slug":"real-madrid-se-lleva-el-derbi-ante-el-atletico-de-madrid","status":"publish","type":"post","link":"https:\/\/rnoticias.com.mx\/Portal\/2026\/03\/22\/real-madrid-se-lleva-el-derbi-ante-el-atletico-de-madrid\/","title":{"rendered":"Real Madrid se lleva el derbi ante el Atl\u00e9tico de Madrid"},"content":{"rendered":"<p>El\u00a0<strong>Real Madrid<\/strong>\u00a0venci\u00f3 al\u00a0<strong>Atl\u00e9tico de Madrid<\/strong>\u00a0en el\u00a0<strong>derbi\u00a0<\/strong>aunque existieron pol\u00e9micas para bandos; el conjunto merengue sigue en la pelea por\u00a0<strong>LaLiga<\/strong>.<\/p>\n<p>Este\u00a0<strong>domingo 22 de marzo<\/strong>\u00a0se jug\u00f3 una edici\u00f3n m\u00e1s del cl\u00e1sico madrile\u00f1o entre los merengues y los colchoneros, en el\u00a0<strong>Estadio Santiago Bernab\u00e9u<\/strong>, en la\u00a0<strong>Jornada 29<\/strong> de LaLiga.<\/p>\n<p class=\"has-dark-gray-color has-text-color has-link-color wp-elements-36a6a4fb7334efaed7cf362a51108006\">El conjunto dirigido por\u00a0<strong>\u00c1lvaro Arbeloa<\/strong>\u00a0lleg\u00f3 el compromiso con la intenci\u00f3n de ganar y no aflojar el paso por el liderato del futbol espa\u00f1ol, mientras que los comandados por\u00a0<strong>Diego Simeone<\/strong>\u00a0buscaban mantenerse en la pelea por puestos de\u00a0<strong>Champions League<\/strong>\u00a0y tener la esperanza de competir por\u00a0<a href=\"https:\/\/www.laliga.com\/es-GB\" target=\"_blank\" rel=\"noreferrer noopener\">LaLiga<\/a>.<\/p>\n<div class=\"code-block code-block-14\"><\/div>\n<h2 class=\"wp-block-heading\">Posible penal no marcado a los visitantes<\/h2>\n<p>La primera pol\u00e9mica salt\u00f3 al terreno de juego al minuto 9 cuando\u00a0<strong>Marcos Llorente<\/strong>\u00a0defini\u00f3 en el casi al borde del manch\u00f3n del penal pero\u00a0<strong>Dani Carvajal\u00a0<\/strong>se barri\u00f3 con rudeza e hizo voltear al colchonero; el \u00e1rbitro no marc\u00f3 penal y el VAR no intervino.<\/p>\n<p>El Atl\u00e9tico de Madrid abri\u00f3 el marcador al minuto 34 con la anotaci\u00f3n de\u00a0<strong>Ademola Lookman<\/strong>\u00a0tras un buen pase de\u00a0<strong>Giuliano Simeone<\/strong>.<\/p>\n<p>Al minuto 53\u00a0<strong>Vin\u00edcius J\u00fanior<\/strong>\u00a0marc\u00f3 el gol del empate por la v\u00eda del penal luego de una falta de\u00a0<strong>David Hancock<\/strong>\u00a0sobre\u00a0<strong>Bahrein D\u00edaz<\/strong>.<\/p>\n<p>Fede Valverde se hizo presente en el derbi madrile\u00f1o y al minuto 56 coloc\u00f3 la ventaja para el Real Madrid tras una desatenci\u00f3n entre los defensores colchoneros,\u00a0<strong>Matteo Ruggeri<\/strong>\u00a0y\u00a0<strong>Jos\u00e9 Mar\u00eda Gim\u00e9nez<\/strong>.<\/p>\n<p>Sin embargo,\u00a0<em>El Cholo<\/em>\u00a0Simeone realizar\u00e1 modificaciones en b\u00fasqueda del empate el cual cay\u00f3 al minuto 67\u00a0<strong>Nahuel Molina<\/strong>\u00a0tras una buena asistencia de\u00a0<strong>Juli\u00e1n \u00c1lvarez<\/strong>.<\/p>\n<p>Pero Vin\u00edcius le devolvi\u00f3 la ventaja al Real Madrid tras el pase del ingl\u00e9s\u00a0<strong>Alexander-Arnold<\/strong>\u00a0quien encontr\u00f3 en la otra banda a su compa\u00f1ero brasile\u00f1o quien descolg\u00f3 y defini\u00f3 de derecha.<\/p>\n<p>La segunda pol\u00e9mica del partido se present\u00f3 al minuto 78 cuando Valverde se barri\u00f3 por y golpe\u00f3 por debajo a\u00a0<strong>Baena<\/strong>, el silbante no dud\u00f3 y sac\u00f3 la tarjeta roja, pero a consideraci\u00f3n de los merengues era exagerada.<\/p>\n<h2 class=\"wp-block-heading\">As\u00ed marchan Real Madrid y Atl\u00e9tico de Madrid en LaLiga<\/h2>\n<p>Tras el derbi, el Real Madrid se mantiene en la segunda posici\u00f3n con 69 puntos (4 por debajo del l\u00edder\u00a0<strong>Barcelona<\/strong>), mientras que el cuadro colchonero se estanca en la cuarta posici\u00f3n de la tabla general con 57 unidades.<\/p>\n<p>Este fin de semana el futbol tendr\u00e1 un par\u00f3n por la\u00a0<strong>fecha FIFA<\/strong>, por lo que el Real Madrid jugar\u00e1 hasta el\u00a0<strong>s\u00e1bado 4 de abril<\/strong>\u00a0al visitar al\u00a0<strong>Mallorca\u00a0<\/strong>en la Jornada 30, mientras que el Atl\u00e9tico de Madrid tambi\u00e9n tendr\u00e1 acci\u00f3n el mismo d\u00eda cuando reciba al l\u00edder Barcelona.<\/p>\n","protected":false},"excerpt":{"rendered":"<p>El\u00a0Real Madrid\u00a0venci\u00f3 al\u00a0Atl\u00e9tico de Madrid\u00a0en el\u00a0derbi\u00a0aunque existieron pol\u00e9micas para bandos; el conjunto merengue sigue en la pelea por\u00a0LaLiga. Este\u00a0domingo 22 de marzo\u00a0se jug\u00f3 una edici\u00f3n m\u00e1s del cl\u00e1sico madrile\u00f1o entre los merengues y los colchoneros, en el\u00a0Estadio Santiago Bernab\u00e9u, en la\u00a0Jornada 29 de LaLiga. El conjunto dirigido por\u00a0\u00c1lvaro Arbeloa\u00a0lleg\u00f3 el compromiso con la intenci\u00f3n de [&hellip;]<\/p>\n","protected":false},"author":2,"featured_media":249867,"comment_status":"closed","ping_status":"closed","sticky":false,"template":"","format":"standard","meta":{"footnotes":""},"categories":[188,12870],"tags":[5231,12865],"class_list":["post-249866","post","type-post","status-publish","format-standard","has-post-thumbnail","hentry","category-deportes","category-destacadas","tag-deportes","tag-destacadas"],"jetpack_featured_media_url":"https:\/\/rnoticias.com.mx\/Portal\/wp-content\/uploads\/2026\/03\/fede-valverde-real-madrid-atletico-de-madrid-efe.jpeg","amp_enabled":true,"_links":{"self":[{"href":"https:\/\/rnoticias.com.mx\/Portal\/wp-json\/wp\/v2\/posts\/249866","targetHints":{"allow":["GET"]}}],"collection":[{"href":"https:\/\/rnoticias.com.mx\/Portal\/wp-json\/wp\/v2\/posts"}],"about":[{"href":"https:\/\/rnoticias.com.mx\/Portal\/wp-json\/wp\/v2\/types\/post"}],"author":[{"embeddable":true,"href":"https:\/\/rnoticias.com.mx\/Portal\/wp-json\/wp\/v2\/users\/2"}],"replies":[{"embeddable":true,"href":"https:\/\/rnoticias.com.mx\/Portal\/wp-json\/wp\/v2\/comments?post=249866"}],"version-history":[{"count":1,"href":"https:\/\/rnoticias.com.mx\/Portal\/wp-json\/wp\/v2\/posts\/249866\/revisions"}],"predecessor-version":[{"id":249868,"href":"https:\/\/rnoticias.com.mx\/Portal\/wp-json\/wp\/v2\/posts\/249866\/revisions\/249868"}],"wp:featuredmedia":[{"embeddable":true,"href":"https:\/\/rnoticias.com.mx\/Portal\/wp-json\/wp\/v2\/media\/249867"}],"wp:attachment":[{"href":"https:\/\/rnoticias.com.mx\/Portal\/wp-json\/wp\/v2\/media?parent=249866"}],"wp:term":[{"taxonomy":"category","embeddable":true,"href":"https:\/\/rnoticias.com.mx\/Portal\/wp-json\/wp\/v2\/categories?post=249866"},{"taxonomy":"post_tag","embeddable":true,"href":"https:\/\/rnoticias.com.mx\/Portal\/wp-json\/wp\/v2\/tags?post=249866"}],"curies":[{"name":"wp","href":"https:\/\/api.w.org\/{rel}","templated":true}]}}