{"id":249863,"date":"2026-03-22T21:45:30","date_gmt":"2026-03-23T04:45:30","guid":{"rendered":"https:\/\/rnoticias.com.mx\/Portal\/?p=249863"},"modified":"2026-03-22T21:45:30","modified_gmt":"2026-03-23T04:45:30","slug":"gobernador-durazo-fortalece-economia-de-familias-sonorenses-con-icatson-en-tu-colonia","status":"publish","type":"post","link":"https:\/\/rnoticias.com.mx\/Portal\/2026\/03\/22\/gobernador-durazo-fortalece-economia-de-familias-sonorenses-con-icatson-en-tu-colonia\/","title":{"rendered":"Gobernador Durazo fortalece econom\u00eda de familias sonorenses con \u201cIcatson en tu Colonia\u201d"},"content":{"rendered":"<table class=\"m_8579358629748484705layout\" border=\"0\" width=\"100%\" cellspacing=\"0\" cellpadding=\"0\">\n<tbody>\n<tr>\n<td class=\"m_8579358629748484705column m_8579358629748484705scale m_8579358629748484705stack\" align=\"center\" valign=\"top\">\n<table class=\"m_8579358629748484705text\" border=\"0\" width=\"100%\" cellspacing=\"0\" cellpadding=\"0\">\n<tbody>\n<tr>\n<td class=\"m_8579358629748484705text_content-cell m_8579358629748484705content-padding-horizontal\" align=\"left\" valign=\"top\">Hermosillo, Sonora; 22 de marzo de 2026.\u2013 Con el programa del Instituto de Capacitaci\u00f3n para el Trabajo del Estado de Sonora (Icatson), el gobernador Alfonso Durazo acerca herramientas de formaci\u00f3n directamente a las colonias, impulsando el emprendimiento y fortaleciendo la econom\u00eda familiar desde la base comunitaria.<\/p>\n<p>Durante la ceremonia de graduaci\u00f3n, Paulina Oca\u00f1a, jefa de la Oficina del Ejecutivo Estatal, junto a Manuel Eduardo Gallegos Salgado, director general de Icatson, reconoci\u00f3 a 395 estudiantes graduandos de Villa Bonita, Las Lomas y Los Olivos, quienes concluyeron su capacitaci\u00f3n en 21 grupos formativos.<\/p>\n<p>Paulina Oca\u00f1a destac\u00f3 que esta estrategia representa los principios de la Cuarta Transformaci\u00f3n, al llevar oportunidades reales a quienes m\u00e1s lo necesitan, fortaleciendo el bienestar familiar y generando condiciones para que las personas desarrollen habilidades productivas que impacten positivamente en sus comunidades.<\/p>\n<p>La jefa de la Oficina del Ejecutivo subray\u00f3 que acercar la capacitaci\u00f3n t\u00e9cnica permite construir una econom\u00eda m\u00e1s incluyente, donde el aprendizaje pr\u00e1ctico se traduce en oportunidades de empleo o emprendimiento. Cursos como reposter\u00eda, barber\u00eda, mantenimiento dom\u00e9stico y cosmetolog\u00eda facilitan ingresos inmediatos y fortalecen la autonom\u00eda econ\u00f3mica.<\/p>\n<p>Paulina Oca\u00f1a resalt\u00f3 que en 2025, Icatson atendi\u00f3 a 53 mil 506 personas en el estado; adem\u00e1s, durante 2024 se graduaron seis mil 250 estudiantes en 549 cursos, y en 2025 fueron seis mil 821 en 505. En 2026, el primer trimestre suma 689 acreditaciones.<\/p>\n<p>Con esta pol\u00edtica, el gobernador Alfonso Durazo impulsa un Sonora donde el bienestar se construye desde las comunidades, generando talento, oportunidades y esperanza.<\/p>\n<p>Cada persona capacitada representa un paso hacia una transformaci\u00f3n social que fortalece el tejido familiar y promueve un futuro con mayor justicia y prosperidad.<\/td>\n<\/tr>\n<\/tbody>\n<\/table>\n<\/td>\n<\/tr>\n<\/tbody>\n<\/table>\n<table class=\"m_8579358629748484705layout\" border=\"0\" width=\"100%\" cellspacing=\"0\" cellpadding=\"0\">\n<tbody>\n<tr>\n<td class=\"m_8579358629748484705column m_8579358629748484705scale m_8579358629748484705stack\" align=\"center\" valign=\"top\">\n<table class=\"m_8579358629748484705image\" border=\"0\" width=\"100%\" cellspacing=\"0\" cellpadding=\"0\">\n<tbody>\n<tr>\n<td class=\"m_8579358629748484705image_container m_8579358629748484705content-padding-horizontal\" align=\"center\" valign=\"top\"><\/td>\n<\/tr>\n<\/tbody>\n<\/table>\n<\/td>\n<\/tr>\n<\/tbody>\n<\/table>\n","protected":false},"excerpt":{"rendered":"<p>Hermosillo, Sonora; 22 de marzo de 2026.\u2013 Con el programa del Instituto de Capacitaci\u00f3n para el Trabajo del Estado de Sonora (Icatson), el gobernador Alfonso Durazo acerca herramientas de formaci\u00f3n directamente a las colonias, impulsando el emprendimiento y fortaleciendo la econom\u00eda familiar desde la base comunitaria. Durante la ceremonia de graduaci\u00f3n, Paulina Oca\u00f1a, jefa de [&hellip;]<\/p>\n","protected":false},"author":2,"featured_media":249864,"comment_status":"closed","ping_status":"closed","sticky":false,"template":"","format":"standard","meta":{"footnotes":""},"categories":[12870,178],"tags":[12865,12869],"class_list":["post-249863","post","type-post","status-publish","format-standard","has-post-thumbnail","hentry","category-destacadas","category-local","tag-destacadas","tag-local"],"jetpack_featured_media_url":"https:\/\/rnoticias.com.mx\/Portal\/wp-content\/uploads\/2026\/03\/unnamed-64.jpg","amp_enabled":true,"_links":{"self":[{"href":"https:\/\/rnoticias.com.mx\/Portal\/wp-json\/wp\/v2\/posts\/249863","targetHints":{"allow":["GET"]}}],"collection":[{"href":"https:\/\/rnoticias.com.mx\/Portal\/wp-json\/wp\/v2\/posts"}],"about":[{"href":"https:\/\/rnoticias.com.mx\/Portal\/wp-json\/wp\/v2\/types\/post"}],"author":[{"embeddable":true,"href":"https:\/\/rnoticias.com.mx\/Portal\/wp-json\/wp\/v2\/users\/2"}],"replies":[{"embeddable":true,"href":"https:\/\/rnoticias.com.mx\/Portal\/wp-json\/wp\/v2\/comments?post=249863"}],"version-history":[{"count":1,"href":"https:\/\/rnoticias.com.mx\/Portal\/wp-json\/wp\/v2\/posts\/249863\/revisions"}],"predecessor-version":[{"id":249865,"href":"https:\/\/rnoticias.com.mx\/Portal\/wp-json\/wp\/v2\/posts\/249863\/revisions\/249865"}],"wp:featuredmedia":[{"embeddable":true,"href":"https:\/\/rnoticias.com.mx\/Portal\/wp-json\/wp\/v2\/media\/249864"}],"wp:attachment":[{"href":"https:\/\/rnoticias.com.mx\/Portal\/wp-json\/wp\/v2\/media?parent=249863"}],"wp:term":[{"taxonomy":"category","embeddable":true,"href":"https:\/\/rnoticias.com.mx\/Portal\/wp-json\/wp\/v2\/categories?post=249863"},{"taxonomy":"post_tag","embeddable":true,"href":"https:\/\/rnoticias.com.mx\/Portal\/wp-json\/wp\/v2\/tags?post=249863"}],"curies":[{"name":"wp","href":"https:\/\/api.w.org\/{rel}","templated":true}]}}