{"id":249789,"date":"2026-03-20T19:59:29","date_gmt":"2026-03-21T02:59:29","guid":{"rendered":"https:\/\/rnoticias.com.mx\/Portal\/?p=249789"},"modified":"2026-03-20T19:59:29","modified_gmt":"2026-03-21T02:59:29","slug":"vocacion-de-servicio-marca-su-vida-en-cruz-roja-esqueda-hector-cordero","status":"publish","type":"post","link":"https:\/\/rnoticias.com.mx\/Portal\/2026\/03\/20\/vocacion-de-servicio-marca-su-vida-en-cruz-roja-esqueda-hector-cordero\/","title":{"rendered":"Vocaci\u00f3n de servicio marca su vida en Cruz Roja Esqueda: H\u00e9ctor Cordero"},"content":{"rendered":"<p>El servicio a los dem\u00e1s y el compromiso con la comunidad han sido el motor que ha guiado la vida de quienes integran la Cruz Roja Mexicana en Esqueda, donde el voluntariado representa mucho m\u00e1s que una labor: una forma de vida.<\/p>\n<p>&nbsp;<\/p>\n<p>H\u00e9ctor Manuel Cordero Carrillo, coordinador local de Socorros de la delegaci\u00f3n, relat\u00f3 que su historia dentro de la instituci\u00f3n comenz\u00f3 en 1999, cuando acept\u00f3 una invitaci\u00f3n del consejo directivo para integrarse como voluntario, motivado por el deseo de ayudar a los dem\u00e1s.<\/p>\n<p>&nbsp;<\/p>\n<p>\u201cEntonces empezamos a la etapa y lo que es la operaci\u00f3n dentro de la instituci\u00f3n. Iniciamos trabajando, no reclutamiento con voluntarios, buscando mejoras, no mejor no mejoras ah\u00ed en base a continuar con las operaciones dentro de la instituci\u00f3n. Y pues la verdad, s\u00ed, una bonita etapa durante todos estos a\u00f1os. Ahorita estamos cumpliendo 27 a\u00f1os como voluntarios dentro de la instituci\u00f3n\u00a0y ha sido una buena etapa, una buena etapa. Hemos tenido buenas experiencias, muchos aprendizajes\u00a0dentro de la instituci\u00f3n en base a los principios\u201d, cont\u00f3.<\/p>\n<p>&nbsp;<\/p>\n<p>Desde entonces, explic\u00f3, encontr\u00f3 en la Cruz Roja una vocaci\u00f3n que lo marc\u00f3, aprendiendo no solo sobre atenci\u00f3n de emergencias, sino tambi\u00e9n sobre valores como la solidaridad, el altruismo y el compromiso social.<\/p>\n<p>&nbsp;<\/p>\n<p>A lo largo de 27 a\u00f1os, ha participado en capacitaciones, convenciones nacionales y actividades preventivas en escuelas y comunidades.<\/p>\n<p>&nbsp;<\/p>\n<p>Se\u00f1al\u00f3 que su decisi\u00f3n de permanecer en la instituci\u00f3n se ha fortalecido gracias a las experiencias vividas, el contacto con la gente y la satisfacci\u00f3n de contribuir al bienestar de la ciudadan\u00eda. Adem\u00e1s, destac\u00f3 el trabajo en equipo con voluntarios, autoridades y empresas, lo que ha permitido mantener la operatividad.<\/p>\n<p>&nbsp;<\/p>\n<p>Finalmente, hizo un llamado a la poblaci\u00f3n a seguir apoyando a la Cruz Roja, destacando que el respaldo ciudadano es fundamental para continuar brindando atenci\u00f3n y salvar vidas.<\/p>\n","protected":false},"excerpt":{"rendered":"<p>El servicio a los dem\u00e1s y el compromiso con la comunidad han sido el motor que ha guiado la vida de quienes integran la Cruz Roja Mexicana en Esqueda, donde el voluntariado representa mucho m\u00e1s que una labor: una forma de vida. &nbsp; H\u00e9ctor Manuel Cordero Carrillo, coordinador local de Socorros de la delegaci\u00f3n, relat\u00f3 [&hellip;]<\/p>\n","protected":false},"author":2,"featured_media":249790,"comment_status":"closed","ping_status":"closed","sticky":false,"template":"","format":"standard","meta":{"footnotes":""},"categories":[12870,174],"tags":[12865,12873],"class_list":["post-249789","post","type-post","status-publish","format-standard","has-post-thumbnail","hentry","category-destacadas","category-estatal","tag-destacadas","tag-estatal"],"jetpack_featured_media_url":"https:\/\/rnoticias.com.mx\/Portal\/wp-content\/uploads\/2026\/03\/82.jpg","amp_enabled":true,"_links":{"self":[{"href":"https:\/\/rnoticias.com.mx\/Portal\/wp-json\/wp\/v2\/posts\/249789","targetHints":{"allow":["GET"]}}],"collection":[{"href":"https:\/\/rnoticias.com.mx\/Portal\/wp-json\/wp\/v2\/posts"}],"about":[{"href":"https:\/\/rnoticias.com.mx\/Portal\/wp-json\/wp\/v2\/types\/post"}],"author":[{"embeddable":true,"href":"https:\/\/rnoticias.com.mx\/Portal\/wp-json\/wp\/v2\/users\/2"}],"replies":[{"embeddable":true,"href":"https:\/\/rnoticias.com.mx\/Portal\/wp-json\/wp\/v2\/comments?post=249789"}],"version-history":[{"count":1,"href":"https:\/\/rnoticias.com.mx\/Portal\/wp-json\/wp\/v2\/posts\/249789\/revisions"}],"predecessor-version":[{"id":249791,"href":"https:\/\/rnoticias.com.mx\/Portal\/wp-json\/wp\/v2\/posts\/249789\/revisions\/249791"}],"wp:featuredmedia":[{"embeddable":true,"href":"https:\/\/rnoticias.com.mx\/Portal\/wp-json\/wp\/v2\/media\/249790"}],"wp:attachment":[{"href":"https:\/\/rnoticias.com.mx\/Portal\/wp-json\/wp\/v2\/media?parent=249789"}],"wp:term":[{"taxonomy":"category","embeddable":true,"href":"https:\/\/rnoticias.com.mx\/Portal\/wp-json\/wp\/v2\/categories?post=249789"},{"taxonomy":"post_tag","embeddable":true,"href":"https:\/\/rnoticias.com.mx\/Portal\/wp-json\/wp\/v2\/tags?post=249789"}],"curies":[{"name":"wp","href":"https:\/\/api.w.org\/{rel}","templated":true}]}}