{"id":249747,"date":"2026-03-20T19:04:38","date_gmt":"2026-03-21T02:04:38","guid":{"rendered":"https:\/\/rnoticias.com.mx\/Portal\/?p=249747"},"modified":"2026-03-20T19:04:38","modified_gmt":"2026-03-21T02:04:38","slug":"empresarios-de-sonora-sostienen-reunion-del-g32-con-lideres-nacionales","status":"publish","type":"post","link":"https:\/\/rnoticias.com.mx\/Portal\/2026\/03\/20\/empresarios-de-sonora-sostienen-reunion-del-g32-con-lideres-nacionales\/","title":{"rendered":"Empresarios de Sonora sostienen reuni\u00f3n del G32 con l\u00edderes nacionales"},"content":{"rendered":"<p>Hermosillo, Sonora a 20 de marzo del 2026. Representantes del sector empresarial de Sonora participaron en una reuni\u00f3n de la Asamblea Nacional de Empresas Familiares G32, encuentro que reuni\u00f3 a dirigentes de c\u00e1maras empresariales y autoridades para dialogar sobre temas relevantes para el comercio, los servicios y el turismo en la entidad.<\/p>\n<p>&nbsp;<\/p>\n<p>La reuni\u00f3n fue encabezada por el presidente nacional de Concanaco Servytur, Octavio de la Torre, y cont\u00f3 con la participaci\u00f3n de presidentes de distintas c\u00e1maras confederadas en el estado. El evento fue coordinado por Mart\u00edn Zalazar Zazueta, presidente de Fecanaco Sonora y de Canacope Hermosillo.<\/p>\n<p>&nbsp;<\/p>\n<p>En ese sentido, el propio Mart\u00edn Zalazar, manifest\u00f3 su agrado porque la dirigencia nacional del sector empresarial al cual pertenece, acudi\u00f3 al estado de Sonora para la realizaci\u00f3n de tan trascendental encuentro.<\/p>\n<p>&nbsp;<\/p>\n<p>\u201cNos sentimos muy contentos porque aqu\u00ed en Hermosillo se pudo llevar a cabo la Asamblea Nacional de Empresas Familiares del G32, con el respaldo de dirigentes de varias c\u00e1maras empresariales, autoridades municipales, la delegada del IMSS y otros m\u00e1s, con el objetivo de exponer diversos temas que consideramos son de suma importancia para todos los que nos dedicamos al comercio, los servicios y el turismo. Estoy convencido que van a salir muy buenas cosas para todos despu\u00e9s de esta actividad\u201d, dijo.<\/p>\n<p>&nbsp;<\/p>\n<p>En la reuni\u00f3n, se destac\u00f3 la importancia de mantener una comunicaci\u00f3n constante entre autoridades y representantes empresariales, con el objetivo de fortalecer la actividad econ\u00f3mica, mejorar los servicios y atender las necesidades de los negocios formales.<\/p>\n<p>&nbsp;<\/p>\n<p>Asimismo, Zalazar Zazueta, enfatiz\u00f3 que, en ese encuentro, se expusieron avances y objetivos del G32, una iniciativa que busca reforzar la coordinaci\u00f3n entre c\u00e1maras empresariales del pa\u00eds, impulsar la representaci\u00f3n del sector comercio, servicios y turismo, adem\u00e1s de generar estrategias conjuntas para el desarrollo econ\u00f3mico regional.<\/p>\n<p>&nbsp;<\/p>\n<p>\u201cLas y los dirigentes empresariales de Sonora tambi\u00e9n intercambiamos opiniones sobre los principales retos que enfrentan los comercios locales y la importancia de mantener una agenda de trabajo coordinada que permita impulsar la formalidad, la competitividad y el crecimiento de las empresas afiliadas\u201d, coment\u00f3.<\/p>\n<p>&nbsp;<\/p>\n<p>&nbsp;<\/p>\n","protected":false},"excerpt":{"rendered":"<p>Hermosillo, Sonora a 20 de marzo del 2026. Representantes del sector empresarial de Sonora participaron en una reuni\u00f3n de la Asamblea Nacional de Empresas Familiares G32, encuentro que reuni\u00f3 a dirigentes de c\u00e1maras empresariales y autoridades para dialogar sobre temas relevantes para el comercio, los servicios y el turismo en la entidad. &nbsp; La reuni\u00f3n [&hellip;]<\/p>\n","protected":false},"author":2,"featured_media":249748,"comment_status":"closed","ping_status":"closed","sticky":false,"template":"","format":"standard","meta":{"footnotes":""},"categories":[12870,178],"tags":[12865,12869],"class_list":["post-249747","post","type-post","status-publish","format-standard","has-post-thumbnail","hentry","category-destacadas","category-local","tag-destacadas","tag-local"],"jetpack_featured_media_url":"https:\/\/rnoticias.com.mx\/Portal\/wp-content\/uploads\/2026\/03\/654774737_1682224376804480_4487147371363766749_n.jpg","amp_enabled":true,"_links":{"self":[{"href":"https:\/\/rnoticias.com.mx\/Portal\/wp-json\/wp\/v2\/posts\/249747","targetHints":{"allow":["GET"]}}],"collection":[{"href":"https:\/\/rnoticias.com.mx\/Portal\/wp-json\/wp\/v2\/posts"}],"about":[{"href":"https:\/\/rnoticias.com.mx\/Portal\/wp-json\/wp\/v2\/types\/post"}],"author":[{"embeddable":true,"href":"https:\/\/rnoticias.com.mx\/Portal\/wp-json\/wp\/v2\/users\/2"}],"replies":[{"embeddable":true,"href":"https:\/\/rnoticias.com.mx\/Portal\/wp-json\/wp\/v2\/comments?post=249747"}],"version-history":[{"count":1,"href":"https:\/\/rnoticias.com.mx\/Portal\/wp-json\/wp\/v2\/posts\/249747\/revisions"}],"predecessor-version":[{"id":249749,"href":"https:\/\/rnoticias.com.mx\/Portal\/wp-json\/wp\/v2\/posts\/249747\/revisions\/249749"}],"wp:featuredmedia":[{"embeddable":true,"href":"https:\/\/rnoticias.com.mx\/Portal\/wp-json\/wp\/v2\/media\/249748"}],"wp:attachment":[{"href":"https:\/\/rnoticias.com.mx\/Portal\/wp-json\/wp\/v2\/media?parent=249747"}],"wp:term":[{"taxonomy":"category","embeddable":true,"href":"https:\/\/rnoticias.com.mx\/Portal\/wp-json\/wp\/v2\/categories?post=249747"},{"taxonomy":"post_tag","embeddable":true,"href":"https:\/\/rnoticias.com.mx\/Portal\/wp-json\/wp\/v2\/tags?post=249747"}],"curies":[{"name":"wp","href":"https:\/\/api.w.org\/{rel}","templated":true}]}}