{"id":249741,"date":"2026-03-20T18:58:59","date_gmt":"2026-03-21T01:58:59","guid":{"rendered":"https:\/\/rnoticias.com.mx\/Portal\/?p=249741"},"modified":"2026-03-20T18:58:59","modified_gmt":"2026-03-21T01:58:59","slug":"invita-ayuntamiento-de-hermosillo-a-recorrido-de-senderismo-interpretativo","status":"publish","type":"post","link":"https:\/\/rnoticias.com.mx\/Portal\/2026\/03\/20\/invita-ayuntamiento-de-hermosillo-a-recorrido-de-senderismo-interpretativo\/","title":{"rendered":"Invita Ayuntamiento de Hermosillo a recorrido de senderismo interpretativo"},"content":{"rendered":"<p>Hermosillo, Sonora, 20 de marzo, 2026.- Una invitaci\u00f3n a participar este s\u00e1bado 21 de marzo a partir de las 7:30 horas en la actividad de senderismo interpretativo donde podr\u00e1n conocer las especies de plantas nativas que abundan en el \u00e1rea natural protegida del Cerro Johnson, realiz\u00f3 Carla Neudert C\u00f3rdova.<\/p>\n<p>La directora de la Agencia Municipal de Energ\u00eda y Cambio Clim\u00e1tico expres\u00f3 la actividad forma parte del calendario de actividades por el D\u00eda del \u00c1rbol y Arbolado Urbano en la cual se coordinan con el Club de Plantas Nativas de la Universidad Estatal de Sonora, UES y las asociaciones Naturalmente Divertido y Amigos del Cerro Johnson.<\/p>\n<p>Neudert C\u00f3rdova manifest\u00f3 que aprovechar\u00e1n la actividad para conmemorar el inicio de la Primavera en este evento en el que esperan la participaci\u00f3n de senderistas y personas interesadas en conocer m\u00e1s sobre la naturaleza nativa sonorense.<\/p>\n<p>Record\u00f3 que el mes pasado la Agencia de Energ\u00eda encabez\u00f3 jornadas de limpieza en Parque Central del Cerro Johnson donde participaron voluntarios en la conservaci\u00f3n y restauraci\u00f3n del entorno natural del \u00e1rea, el cual es uno de los pulmones verdes m\u00e1s importantes de la ciudad.<\/p>\n","protected":false},"excerpt":{"rendered":"<p>Hermosillo, Sonora, 20 de marzo, 2026.- Una invitaci\u00f3n a participar este s\u00e1bado 21 de marzo a partir de las 7:30 horas en la actividad de senderismo interpretativo donde podr\u00e1n conocer las especies de plantas nativas que abundan en el \u00e1rea natural protegida del Cerro Johnson, realiz\u00f3 Carla Neudert C\u00f3rdova. La directora de la Agencia Municipal [&hellip;]<\/p>\n","protected":false},"author":2,"featured_media":249742,"comment_status":"closed","ping_status":"closed","sticky":false,"template":"","format":"standard","meta":{"footnotes":""},"categories":[12870,178],"tags":[12865,12869],"class_list":["post-249741","post","type-post","status-publish","format-standard","has-post-thumbnail","hentry","category-destacadas","category-local","tag-destacadas","tag-local"],"jetpack_featured_media_url":"https:\/\/rnoticias.com.mx\/Portal\/wp-content\/uploads\/2026\/03\/709.jpg","amp_enabled":true,"_links":{"self":[{"href":"https:\/\/rnoticias.com.mx\/Portal\/wp-json\/wp\/v2\/posts\/249741","targetHints":{"allow":["GET"]}}],"collection":[{"href":"https:\/\/rnoticias.com.mx\/Portal\/wp-json\/wp\/v2\/posts"}],"about":[{"href":"https:\/\/rnoticias.com.mx\/Portal\/wp-json\/wp\/v2\/types\/post"}],"author":[{"embeddable":true,"href":"https:\/\/rnoticias.com.mx\/Portal\/wp-json\/wp\/v2\/users\/2"}],"replies":[{"embeddable":true,"href":"https:\/\/rnoticias.com.mx\/Portal\/wp-json\/wp\/v2\/comments?post=249741"}],"version-history":[{"count":1,"href":"https:\/\/rnoticias.com.mx\/Portal\/wp-json\/wp\/v2\/posts\/249741\/revisions"}],"predecessor-version":[{"id":249743,"href":"https:\/\/rnoticias.com.mx\/Portal\/wp-json\/wp\/v2\/posts\/249741\/revisions\/249743"}],"wp:featuredmedia":[{"embeddable":true,"href":"https:\/\/rnoticias.com.mx\/Portal\/wp-json\/wp\/v2\/media\/249742"}],"wp:attachment":[{"href":"https:\/\/rnoticias.com.mx\/Portal\/wp-json\/wp\/v2\/media?parent=249741"}],"wp:term":[{"taxonomy":"category","embeddable":true,"href":"https:\/\/rnoticias.com.mx\/Portal\/wp-json\/wp\/v2\/categories?post=249741"},{"taxonomy":"post_tag","embeddable":true,"href":"https:\/\/rnoticias.com.mx\/Portal\/wp-json\/wp\/v2\/tags?post=249741"}],"curies":[{"name":"wp","href":"https:\/\/api.w.org\/{rel}","templated":true}]}}