{"id":249727,"date":"2026-03-20T14:27:49","date_gmt":"2026-03-20T21:27:49","guid":{"rendered":"https:\/\/rnoticias.com.mx\/Portal\/?p=249727"},"modified":"2026-03-20T14:27:49","modified_gmt":"2026-03-20T21:27:49","slug":"gobierno-de-sonora-invita-a-tardes-bohemias-en-la-colonia-apolo","status":"publish","type":"post","link":"https:\/\/rnoticias.com.mx\/Portal\/2026\/03\/20\/gobierno-de-sonora-invita-a-tardes-bohemias-en-la-colonia-apolo\/","title":{"rendered":"Gobierno de Sonora invita a Tardes Bohemias en la colonia Apolo"},"content":{"rendered":"<p>Hermosillo, Sonora; 20 de marzo de 2026.- El Gobierno de Sonora, a trav\u00e9s del Instituto Sonorense de la Juventud (ISJ), invita a la ciudadan\u00eda a participar en una nueva edici\u00f3n de Tardes Bohemias, que se llevar\u00e1 a cabo el pr\u00f3ximo 26 de marzo en la colonia Apolo, en Hermosillo.<\/p>\n<p>Tardes Bohemias es una iniciativa del ISJ que busca abrir espacios p\u00fablicos para que las juventudes sonorenses expresen su talento, fomenten la participaci\u00f3n cultural y fortalezcan las distintas manifestaciones art\u00edsticas en la comunidad.<\/p>\n<p>La directora general del ISJ, Rebeca Valenzuela \u00c1lvarez, destac\u00f3 la importancia de acercar este tipo de actividades a las colonias:<\/p>\n<p>\u201cQueremos que las y los j\u00f3venes tengan espacios donde puedan expresarse libremente, compartir su talento y sentirse parte de su comunidad. Tardes Bohemias es justamente eso: un punto de encuentro para el arte, la cultura y la convivencia\u201d.<\/p>\n<p>El evento se realizar\u00e1 a partir de las 6:00 de la tarde en la plaza de la colonia Apolo, ubicada en la intersecci\u00f3n de la avenida Siete y Margarita Maza de Ju\u00e1rez.<\/p>\n<p>En esta edici\u00f3n participar\u00e1n talentos como Nina Daniela Luna, Chino Marcial, Luz Divina Mej\u00eda, Mymy y Marco Iv\u00e1n Durazo. Adem\u00e1s, se contar\u00e1 con un espacio de micr\u00f3fono abierto para quienes deseen compartir su talento.<\/p>\n","protected":false},"excerpt":{"rendered":"<p>Hermosillo, Sonora; 20 de marzo de 2026.- El Gobierno de Sonora, a trav\u00e9s del Instituto Sonorense de la Juventud (ISJ), invita a la ciudadan\u00eda a participar en una nueva edici\u00f3n de Tardes Bohemias, que se llevar\u00e1 a cabo el pr\u00f3ximo 26 de marzo en la colonia Apolo, en Hermosillo. Tardes Bohemias es una iniciativa del [&hellip;]<\/p>\n","protected":false},"author":2,"featured_media":249728,"comment_status":"closed","ping_status":"closed","sticky":false,"template":"","format":"standard","meta":{"footnotes":""},"categories":[12870,178],"tags":[12865,12869],"class_list":["post-249727","post","type-post","status-publish","format-standard","has-post-thumbnail","hentry","category-destacadas","category-local","tag-destacadas","tag-local"],"jetpack_featured_media_url":"https:\/\/rnoticias.com.mx\/Portal\/wp-content\/uploads\/2026\/03\/unnamed-60.jpg","amp_enabled":true,"_links":{"self":[{"href":"https:\/\/rnoticias.com.mx\/Portal\/wp-json\/wp\/v2\/posts\/249727","targetHints":{"allow":["GET"]}}],"collection":[{"href":"https:\/\/rnoticias.com.mx\/Portal\/wp-json\/wp\/v2\/posts"}],"about":[{"href":"https:\/\/rnoticias.com.mx\/Portal\/wp-json\/wp\/v2\/types\/post"}],"author":[{"embeddable":true,"href":"https:\/\/rnoticias.com.mx\/Portal\/wp-json\/wp\/v2\/users\/2"}],"replies":[{"embeddable":true,"href":"https:\/\/rnoticias.com.mx\/Portal\/wp-json\/wp\/v2\/comments?post=249727"}],"version-history":[{"count":1,"href":"https:\/\/rnoticias.com.mx\/Portal\/wp-json\/wp\/v2\/posts\/249727\/revisions"}],"predecessor-version":[{"id":249729,"href":"https:\/\/rnoticias.com.mx\/Portal\/wp-json\/wp\/v2\/posts\/249727\/revisions\/249729"}],"wp:featuredmedia":[{"embeddable":true,"href":"https:\/\/rnoticias.com.mx\/Portal\/wp-json\/wp\/v2\/media\/249728"}],"wp:attachment":[{"href":"https:\/\/rnoticias.com.mx\/Portal\/wp-json\/wp\/v2\/media?parent=249727"}],"wp:term":[{"taxonomy":"category","embeddable":true,"href":"https:\/\/rnoticias.com.mx\/Portal\/wp-json\/wp\/v2\/categories?post=249727"},{"taxonomy":"post_tag","embeddable":true,"href":"https:\/\/rnoticias.com.mx\/Portal\/wp-json\/wp\/v2\/tags?post=249727"}],"curies":[{"name":"wp","href":"https:\/\/api.w.org\/{rel}","templated":true}]}}