{"id":249722,"date":"2026-03-20T12:43:01","date_gmt":"2026-03-20T19:43:01","guid":{"rendered":"https:\/\/rnoticias.com.mx\/Portal\/?p=249722"},"modified":"2026-03-20T12:46:26","modified_gmt":"2026-03-20T19:46:26","slug":"gobierno-de-sonora-se-sumo-a-la-feria-nacional-de-empleo-para-las-mujeres","status":"publish","type":"post","link":"https:\/\/rnoticias.com.mx\/Portal\/2026\/03\/20\/gobierno-de-sonora-se-sumo-a-la-feria-nacional-de-empleo-para-las-mujeres\/","title":{"rendered":"Gobierno de Sonora se sum\u00f3 a la Feria Nacional de Empleo para las Mujeres"},"content":{"rendered":"<p>Hermosillo, Sonora; 20 de marzo de 2026.- Con el objetivo de consolidar una sociedad con igualdad de oportunidades laborales, el Gobierno de Sonora, a trav\u00e9s de la Secretar\u00eda del Trabajo y en coordinaci\u00f3n con el Servicio Nacional de Empleo (SNE), llev\u00f3 a cabo este jueves la Feria Nacional de Empleo para las Mujeres 2026 en la capital sonorense.<\/p>\n<p>Esta iniciativa se alinea con la visi\u00f3n de la presidenta de M\u00e9xico, Claudia Sheinbaum Pardo, quien impulsa a nivel nacional estas ferias como un pilar fundamental para garantizar la autonom\u00eda econ\u00f3mica de las mujeres y el acceso a empleos dignos en todo el territorio mexicano.<\/p>\n<p>En Sonora, gracias al impulso del gobernador Alfonso Durazo Monta\u00f1o, se han implementado pol\u00edticas p\u00fablicas transversales que colocan la igualdad de g\u00e9nero y los derechos de las mujeres en el centro del desarrollo econ\u00f3mico.<\/p>\n<p>Asimismo, el evento celebrado en la explanada del Centro de Gobierno en Hermosillo result\u00f3 un \u00e9xito total, logrando convocar a m\u00e1s de 30 empresas que ofertaron m\u00e1s de 600 vacantes formales.<\/p>\n<p>Cabe destacar que esta feria en Hermosillo form\u00f3 parte de un esfuerzo coordinado que se realiz\u00f3 simult\u00e1neamente en otros estados de la Rep\u00fablica. Esta estrategia nacional busca que las buscadoras de empleo tengan acceso directo a prestaciones de ley y seguridad social, fortaleciendo el tejido social desde el empoderamiento econ\u00f3mico.<\/p>\n","protected":false},"excerpt":{"rendered":"<p>Hermosillo, Sonora; 20 de marzo de 2026.- Con el objetivo de consolidar una sociedad con igualdad de oportunidades laborales, el Gobierno de Sonora, a trav\u00e9s de la Secretar\u00eda del Trabajo y en coordinaci\u00f3n con el Servicio Nacional de Empleo (SNE), llev\u00f3 a cabo este jueves la Feria Nacional de Empleo para las Mujeres 2026 en [&hellip;]<\/p>\n","protected":false},"author":2,"featured_media":249723,"comment_status":"closed","ping_status":"closed","sticky":false,"template":"","format":"standard","meta":{"footnotes":""},"categories":[12870,178],"tags":[12865,12869],"class_list":["post-249722","post","type-post","status-publish","format-standard","has-post-thumbnail","hentry","category-destacadas","category-local","tag-destacadas","tag-local"],"jetpack_featured_media_url":"https:\/\/rnoticias.com.mx\/Portal\/wp-content\/uploads\/2026\/03\/unnamed-1-36.jpg","amp_enabled":true,"_links":{"self":[{"href":"https:\/\/rnoticias.com.mx\/Portal\/wp-json\/wp\/v2\/posts\/249722","targetHints":{"allow":["GET"]}}],"collection":[{"href":"https:\/\/rnoticias.com.mx\/Portal\/wp-json\/wp\/v2\/posts"}],"about":[{"href":"https:\/\/rnoticias.com.mx\/Portal\/wp-json\/wp\/v2\/types\/post"}],"author":[{"embeddable":true,"href":"https:\/\/rnoticias.com.mx\/Portal\/wp-json\/wp\/v2\/users\/2"}],"replies":[{"embeddable":true,"href":"https:\/\/rnoticias.com.mx\/Portal\/wp-json\/wp\/v2\/comments?post=249722"}],"version-history":[{"count":1,"href":"https:\/\/rnoticias.com.mx\/Portal\/wp-json\/wp\/v2\/posts\/249722\/revisions"}],"predecessor-version":[{"id":249724,"href":"https:\/\/rnoticias.com.mx\/Portal\/wp-json\/wp\/v2\/posts\/249722\/revisions\/249724"}],"wp:featuredmedia":[{"embeddable":true,"href":"https:\/\/rnoticias.com.mx\/Portal\/wp-json\/wp\/v2\/media\/249723"}],"wp:attachment":[{"href":"https:\/\/rnoticias.com.mx\/Portal\/wp-json\/wp\/v2\/media?parent=249722"}],"wp:term":[{"taxonomy":"category","embeddable":true,"href":"https:\/\/rnoticias.com.mx\/Portal\/wp-json\/wp\/v2\/categories?post=249722"},{"taxonomy":"post_tag","embeddable":true,"href":"https:\/\/rnoticias.com.mx\/Portal\/wp-json\/wp\/v2\/tags?post=249722"}],"curies":[{"name":"wp","href":"https:\/\/api.w.org\/{rel}","templated":true}]}}