{"id":249703,"date":"2026-03-19T20:03:31","date_gmt":"2026-03-20T03:03:31","guid":{"rendered":"https:\/\/rnoticias.com.mx\/Portal\/?p=249703"},"modified":"2026-03-19T20:03:31","modified_gmt":"2026-03-20T03:03:31","slug":"iniciaran-programa-de-semaforos-inteligentes-en-el-quiroga","status":"publish","type":"post","link":"https:\/\/rnoticias.com.mx\/Portal\/2026\/03\/19\/iniciaran-programa-de-semaforos-inteligentes-en-el-quiroga\/","title":{"rendered":"Iniciar\u00e1n programa de sem\u00e1foros inteligentes en el Quiroga"},"content":{"rendered":"<p>Hermosillo, Sonora. El proyecto de modernizaci\u00f3n vial en Hermosillo avanza con la pr\u00f3xima implementaci\u00f3n de sem\u00e1foros inteligentes en el bulevar Quiroga, donde ya se trabaja en la instalaci\u00f3n de infraestructura como c\u00e1maras, pantallas y sistemas de respaldo el\u00e9ctrico para mejorar la circulaci\u00f3n.<\/p>\n<p>&nbsp;<\/p>\n<p>La titular de la Direcci\u00f3n General de Desarrollo de Infraestructura, Astart\u00e9 Corro Ruiz, inform\u00f3 que el primer piloto abarcar\u00e1 desde Garc\u00eda Morales hasta L\u00e1zaro C\u00e1rdenas, extendi\u00e9ndose hacia Pueblo Viejo y Pueblo Nuevo.<\/p>\n<p>&nbsp;<\/p>\n<p>\u201cEstos dispositivos contar\u00e1n con bater\u00edas especiales que permitir\u00e1n su operaci\u00f3n hasta por dos horas ante fallas el\u00e9ctricas. Sin duda es equipamiento que ser\u00e1 de mucho aporte para Hermosillo\u201d, explic\u00f3.<\/p>\n<p>&nbsp;<\/p>\n<p>Indic\u00f3 que en un mes iniciar\u00e1 el cambio paulatino en nueve cruceros y se sumar\u00e1n dos m\u00e1s; adem\u00e1s que a futuro se busca que todos los sem\u00e1foros operen con tecnolog\u00eda inteligente.<\/p>\n","protected":false},"excerpt":{"rendered":"<p>Hermosillo, Sonora. El proyecto de modernizaci\u00f3n vial en Hermosillo avanza con la pr\u00f3xima implementaci\u00f3n de sem\u00e1foros inteligentes en el bulevar Quiroga, donde ya se trabaja en la instalaci\u00f3n de infraestructura como c\u00e1maras, pantallas y sistemas de respaldo el\u00e9ctrico para mejorar la circulaci\u00f3n. &nbsp; La titular de la Direcci\u00f3n General de Desarrollo de Infraestructura, Astart\u00e9 Corro [&hellip;]<\/p>\n","protected":false},"author":2,"featured_media":249704,"comment_status":"closed","ping_status":"closed","sticky":false,"template":"","format":"standard","meta":{"footnotes":""},"categories":[12870,178],"tags":[12865,12869],"class_list":["post-249703","post","type-post","status-publish","format-standard","has-post-thumbnail","hentry","category-destacadas","category-local","tag-destacadas","tag-local"],"jetpack_featured_media_url":"https:\/\/rnoticias.com.mx\/Portal\/wp-content\/uploads\/2026\/03\/\u00bfHay-magia-en-los-semaforos-Asi-funciona-la-reduccion-del-trafico-en-La-Paz.webp","amp_enabled":true,"_links":{"self":[{"href":"https:\/\/rnoticias.com.mx\/Portal\/wp-json\/wp\/v2\/posts\/249703","targetHints":{"allow":["GET"]}}],"collection":[{"href":"https:\/\/rnoticias.com.mx\/Portal\/wp-json\/wp\/v2\/posts"}],"about":[{"href":"https:\/\/rnoticias.com.mx\/Portal\/wp-json\/wp\/v2\/types\/post"}],"author":[{"embeddable":true,"href":"https:\/\/rnoticias.com.mx\/Portal\/wp-json\/wp\/v2\/users\/2"}],"replies":[{"embeddable":true,"href":"https:\/\/rnoticias.com.mx\/Portal\/wp-json\/wp\/v2\/comments?post=249703"}],"version-history":[{"count":1,"href":"https:\/\/rnoticias.com.mx\/Portal\/wp-json\/wp\/v2\/posts\/249703\/revisions"}],"predecessor-version":[{"id":249705,"href":"https:\/\/rnoticias.com.mx\/Portal\/wp-json\/wp\/v2\/posts\/249703\/revisions\/249705"}],"wp:featuredmedia":[{"embeddable":true,"href":"https:\/\/rnoticias.com.mx\/Portal\/wp-json\/wp\/v2\/media\/249704"}],"wp:attachment":[{"href":"https:\/\/rnoticias.com.mx\/Portal\/wp-json\/wp\/v2\/media?parent=249703"}],"wp:term":[{"taxonomy":"category","embeddable":true,"href":"https:\/\/rnoticias.com.mx\/Portal\/wp-json\/wp\/v2\/categories?post=249703"},{"taxonomy":"post_tag","embeddable":true,"href":"https:\/\/rnoticias.com.mx\/Portal\/wp-json\/wp\/v2\/tags?post=249703"}],"curies":[{"name":"wp","href":"https:\/\/api.w.org\/{rel}","templated":true}]}}