{"id":249700,"date":"2026-03-19T19:59:09","date_gmt":"2026-03-20T02:59:09","guid":{"rendered":"https:\/\/rnoticias.com.mx\/Portal\/?p=249700"},"modified":"2026-03-19T19:59:09","modified_gmt":"2026-03-20T02:59:09","slug":"impulsaran-cuidado-de-areas-verdes-en-el-centro-de-hermosillo","status":"publish","type":"post","link":"https:\/\/rnoticias.com.mx\/Portal\/2026\/03\/19\/impulsaran-cuidado-de-areas-verdes-en-el-centro-de-hermosillo\/","title":{"rendered":"Impulsar\u00e1n cuidado de \u00e1reas verdes en el centro de Hermosillo"},"content":{"rendered":"<p>Hermosillo, Sonora. Con el objetivo de fortalecer la imagen urbana y mejorar el entorno del primer cuadro de la ciudad, el Patronato Pro Obras del Centro de Hermosillo busca capacitarse en el cuidado y mantenimiento de \u00e1reas verdes, en coordinaci\u00f3n con el \u00e1rea de Parques y Jardines del Ayuntamiento.<\/p>\n<p>&nbsp;<\/p>\n<p>Su presidente, Roberto Faz Guti\u00e9rrez, inform\u00f3 que esta preparaci\u00f3n permitir\u00e1 ampliar los servicios que actualmente brindan a comerciantes, visitantes y ciudadanos, especialmente ante el incremento de reportes por crecimiento de maleza durante la temporada.<\/p>\n<p>&nbsp;<\/p>\n<p>\u201cUno de los principales enfoques ser\u00e1 el mantenimiento adecuado de los \u00e1rboles ubicados en la calle Serd\u00e1n, los cuales requieren poda especializada para garantizar su sano desarrollo sin afectar su crecimiento\u201d, indic\u00f3.<\/p>\n<p>&nbsp;<\/p>\n<p>Adem\u00e1s de estas acciones, el patronato mantiene programas de apoyo a la comunidad, como la entrega de agua en verano y el auxilio vial.<\/p>\n<p>&nbsp;<\/p>\n","protected":false},"excerpt":{"rendered":"<p>Hermosillo, Sonora. Con el objetivo de fortalecer la imagen urbana y mejorar el entorno del primer cuadro de la ciudad, el Patronato Pro Obras del Centro de Hermosillo busca capacitarse en el cuidado y mantenimiento de \u00e1reas verdes, en coordinaci\u00f3n con el \u00e1rea de Parques y Jardines del Ayuntamiento. &nbsp; Su presidente, Roberto Faz Guti\u00e9rrez, [&hellip;]<\/p>\n","protected":false},"author":2,"featured_media":249701,"comment_status":"closed","ping_status":"closed","sticky":false,"template":"","format":"standard","meta":{"footnotes":""},"categories":[12870,178],"tags":[12865,12869],"class_list":["post-249700","post","type-post","status-publish","format-standard","has-post-thumbnail","hentry","category-destacadas","category-local","tag-destacadas","tag-local"],"jetpack_featured_media_url":"https:\/\/rnoticias.com.mx\/Portal\/wp-content\/uploads\/2026\/03\/IMG_1843-1200.jpg","amp_enabled":true,"_links":{"self":[{"href":"https:\/\/rnoticias.com.mx\/Portal\/wp-json\/wp\/v2\/posts\/249700","targetHints":{"allow":["GET"]}}],"collection":[{"href":"https:\/\/rnoticias.com.mx\/Portal\/wp-json\/wp\/v2\/posts"}],"about":[{"href":"https:\/\/rnoticias.com.mx\/Portal\/wp-json\/wp\/v2\/types\/post"}],"author":[{"embeddable":true,"href":"https:\/\/rnoticias.com.mx\/Portal\/wp-json\/wp\/v2\/users\/2"}],"replies":[{"embeddable":true,"href":"https:\/\/rnoticias.com.mx\/Portal\/wp-json\/wp\/v2\/comments?post=249700"}],"version-history":[{"count":1,"href":"https:\/\/rnoticias.com.mx\/Portal\/wp-json\/wp\/v2\/posts\/249700\/revisions"}],"predecessor-version":[{"id":249702,"href":"https:\/\/rnoticias.com.mx\/Portal\/wp-json\/wp\/v2\/posts\/249700\/revisions\/249702"}],"wp:featuredmedia":[{"embeddable":true,"href":"https:\/\/rnoticias.com.mx\/Portal\/wp-json\/wp\/v2\/media\/249701"}],"wp:attachment":[{"href":"https:\/\/rnoticias.com.mx\/Portal\/wp-json\/wp\/v2\/media?parent=249700"}],"wp:term":[{"taxonomy":"category","embeddable":true,"href":"https:\/\/rnoticias.com.mx\/Portal\/wp-json\/wp\/v2\/categories?post=249700"},{"taxonomy":"post_tag","embeddable":true,"href":"https:\/\/rnoticias.com.mx\/Portal\/wp-json\/wp\/v2\/tags?post=249700"}],"curies":[{"name":"wp","href":"https:\/\/api.w.org\/{rel}","templated":true}]}}