{"id":249697,"date":"2026-03-19T19:53:50","date_gmt":"2026-03-20T02:53:50","guid":{"rendered":"https:\/\/rnoticias.com.mx\/Portal\/?p=249697"},"modified":"2026-03-19T19:53:50","modified_gmt":"2026-03-20T02:53:50","slug":"hacen-llamado-a-transformar-la-gestion-del-agua-en-hermosillo","status":"publish","type":"post","link":"https:\/\/rnoticias.com.mx\/Portal\/2026\/03\/19\/hacen-llamado-a-transformar-la-gestion-del-agua-en-hermosillo\/","title":{"rendered":"HACEN LLAMADO A TRANSFORMAR LA GESTI\u00d3N DEL AGUA EN HERMOSILLO"},"content":{"rendered":"<p class=\"x_MsoNormal\"><b><i><span lang=\"es\" data-olk-copy-source=\"MessageBody\">Hermosillo, Sonora, a jueves 19 de marzo de 2026.-\u00a0<\/span><\/i><\/b><span lang=\"es\">En el marco del D\u00eda Mundial del Agua, que se celebra cada 22 de marzo, integrantes de la Mesa Tem\u00e1tica de Agua de Hermosillo \u00bfC\u00f3mo Vamos? hicieron un llamado a implementar acciones concretas para transformar la gesti\u00f3n del agua en la ciudad, a trav\u00e9s de la lectura de una carta abierta que plantea medidas prioritarias ante la cr\u00edtica situaci\u00f3n que enfrenta la capital sonorense.<\/span><\/p>\n<p class=\"x_MsoNormal\"><span lang=\"es\">\u00a0<\/span><\/p>\n<p class=\"x_MsoNormal\"><span lang=\"es\">En el documento, las y los integrantes de la mesa advierten que Hermosillo acumula al menos tres a\u00f1os consecutivos de sequ\u00eda, con fuentes de abastecimiento cada vez m\u00e1s presionadas, bajos niveles de eficiencia operativa y una situaci\u00f3n financiera limitada del organismo operador, lo que restringe su capacidad de inversi\u00f3n y planeaci\u00f3n.<\/span><\/p>\n<p class=\"x_MsoNormal\"><span lang=\"es\">\u00a0<\/span><\/p>\n<p class=\"x_MsoNormal\"><span lang=\"es\">La carta subraya la urgencia de transitar de un enfoque centrado en el diagn\u00f3stico hacia la implementaci\u00f3n de soluciones t\u00e9cnicas y sostenidas. Entre las principales acciones propuestas se encuentran las siguientes:<\/span><\/p>\n<p class=\"x_MsoNormal\"><span lang=\"es\">\u00a0<\/span><\/p>\n<p class=\"x_MsoNormal\"><b><span lang=\"es\">1.<\/span><\/b><span lang=\"es\">\u00a0\u00a0\u00a0<\/span><b><span lang=\"es\">Cambio de modelo de gesti\u00f3n.<\/span><\/b><\/p>\n<p class=\"x_MsoNormal\"><span lang=\"es\">Se propone migrar hacia un esquema que garantice continuidad directiva, planeaci\u00f3n estrat\u00e9gica y sostenibilidad financiera, tomando como referencia modelos exitosos ya documentados en otros contextos.<\/span><\/p>\n<p class=\"x_MsoNormal\"><span lang=\"es\">\u00a0<\/span><\/p>\n<p class=\"x_MsoNormal\"><b><span lang=\"es\">2.<\/span><\/b><span lang=\"es\">\u00a0\u00a0\u00a0<\/span><b><span lang=\"es\">Auditor\u00eda de p\u00e9rdidas en la red.<\/span><\/b><\/p>\n<p class=\"x_MsoNormal\"><span lang=\"es\">Se plantea realizar una auditor\u00eda t\u00e9cnica especializada para identificar fugas, agua no contabilizada y fallas operativas. Se subraya que actualmente se pierde una proporci\u00f3n significativa del agua, lo que hace inviable cualquier mejora sin informaci\u00f3n robusta.<\/span><\/p>\n<p class=\"x_MsoNormal\"><span lang=\"es\">\u00a0<\/span><\/p>\n<p class=\"x_MsoNormal\"><b><span lang=\"es\">3.<\/span><\/b><span lang=\"es\">\u00a0\u00a0\u00a0<\/span><b><span lang=\"es\">Fortalecimiento de la micromedici\u00f3n.<\/span><\/b><\/p>\n<p class=\"x_MsoNormal\"><span lang=\"es\">Se propone implementar, entre gobierno y ciudadan\u00eda, una estrategia formal, continua y verificable de instalaci\u00f3n y lectura de medidores, como base para conocer consumos reales, reducir p\u00e9rdidas y mejorar la eficiencia del sistema.<\/span><\/p>\n<p class=\"x_MsoNormal\"><span lang=\"es\">\u00a0<\/span><\/p>\n<p class=\"x_MsoNormal\"><b><span lang=\"es\">4.<\/span><\/b><span lang=\"es\">\u00a0\u00a0\u00a0<\/span><b><span lang=\"es\">Garantizar la calidad del agua.<\/span><\/b><\/p>\n<p class=\"x_MsoNormal\"><span lang=\"es\">Se demanda transparencia sobre la calidad del agua distribuida y acciones para recuperar la confianza ciudadana en el consumo de agua de la llave, ante el costo econ\u00f3mico que representa para las familias la compra de agua purificada.<\/span><\/p>\n<p class=\"x_MsoNormal\"><span lang=\"es\">\u00a0<\/span><\/p>\n<p class=\"x_MsoNormal\"><b><span lang=\"es\">5.<\/span><\/b><span lang=\"es\">\u00a0\u00a0\u00a0<\/span><b><span lang=\"es\">Rehabilitaci\u00f3n y aprovechamiento de aguas residuales.<\/span><\/b><\/p>\n<p class=\"x_MsoNormal\"><span lang=\"es\">Atender las limitaciones operativas de la Planta Tratadora de Aguas Residuales y promover activamente el re\u00faso del agua tratada, como una soluci\u00f3n estrat\u00e9gica ante la escasez.<\/span><\/p>\n<p class=\"x_MsoNormal\"><span lang=\"es\">\u00a0<\/span><\/p>\n<p class=\"x_MsoNormal\"><span lang=\"es\">Posterior a la lectura de la carta, se present\u00f3 la publicaci\u00f3n\u00a0<b><i>\u201cAgenda para Transformar la Gesti\u00f3n del Agua en Hermosillo\u201d<\/i><\/b>, un documento que integra diagn\u00f3stico, an\u00e1lisis t\u00e9cnico y propuestas orientadas a atender de manera estructural la problem\u00e1tica h\u00eddrica en la ciudad.<\/span><\/p>\n<p class=\"x_MsoNormal\"><span lang=\"es\">\u00a0<\/span><\/p>\n<p class=\"x_MsoNormal\"><span lang=\"es\">\u00a0<\/span><\/p>\n<p class=\"x_MsoNormal\"><span lang=\"es\">Durante la conferencia de prensa, el director general de Hermosillo \u00bfC\u00f3mo Vamos?, Ernesto Urbina Miranda, expuso que la carta es un llamado conjunto a autoridades y sociedad en general para reconocer y no postergar acciones que se proponen con el objetivo de atender los grandes desaf\u00edos para la seguridad h\u00eddrica de Hermosillo y el bienestar de quienes aqu\u00ed habitamos.<\/span><\/p>\n<p class=\"x_MsoNormal\"><span lang=\"es\">\u00a0<\/span><\/p>\n<p class=\"x_MsoNormal\"><span lang=\"es\">Por su parte, el coordinador de la Mesa Tem\u00e1tica de Agua y especialista en pol\u00edticas p\u00fablicas, Dr. Nicol\u00e1s Pineda Pablos, subray\u00f3 que el diagn\u00f3stico muestra que el sistema de agua de Hermosillo enfrenta desaf\u00edos importantes en materia de medici\u00f3n, eficiencia f\u00edsica, eficiencia comercial y gesti\u00f3n institucional.<\/span><\/p>\n<p class=\"x_MsoNormal\"><span lang=\"es\">\u00a0<\/span><\/p>\n<p class=\"x_MsoNormal\"><span lang=\"es\">De acuerdo con los datos de fuentes oficiales presentados por el investigador, desde el 2001 cuando la administraci\u00f3n del servicio fue transferida al municipio, la eficiencia f\u00edsica (volumen de agua que llega a los usuarios finales del total del agua producida) y la cobertura de micromedici\u00f3n (tomas con medidor funcional del total de tomas de agua) muestran tendencias predominantemente a la baja, con valores del 43% y 49% respectivamente.<\/span><\/p>\n<p class=\"x_MsoNormal\"><span lang=\"es\">\u00a0<\/span><\/p>\n<p class=\"x_MsoNormal\"><span lang=\"es\">En contraste, la eficiencia comercial, que es la capacidad institucional para medir, facturar y cobrar el agua efectivamente consumida por los usuarios muestra un comportamiento mucho m\u00e1s estable, con valores del 80% en promedio.<\/span><\/p>\n<p class=\"x_MsoNormal\"><span lang=\"es\">\u00a0<\/span><\/p>\n<p class=\"x_MsoNormal\"><span lang=\"es\">\u201c<\/span><i>En t\u00e9rminos pr\u00e1cticos, esto significa que m\u00e1s de la mitad del agua producida se pierde en el sistema de distribuci\u00f3n, ya sea por fugas f\u00edsicas, tomas clan\u00addestinas, errores de medici\u00f3n o fallas operativas. La tendencia lineal de la serie confirma un deterioro estructural en el desempe\u00f1o f\u00edsico del sistema a lo largo de m\u00e1s de dos d\u00e9cadas y superarlo<\/i><i><span lang=\"es\">\u00a0requiere no solo inversiones en infraestructura, sino tambi\u00e9n decisiones estrat\u00e9gicas orientadas a mejorar la informaci\u00f3n, la gesti\u00f3n y la capacidad institucional del organismo operador<\/span><\/i><span lang=\"es\">\u201d,\u00a0<\/span>indic\u00f3 Pineda Pablos.<\/p>\n<p class=\"x_MsoNormal\"><span lang=\"es\">\u00a0<\/span><\/p>\n<p class=\"x_MsoNormal\"><span lang=\"es\">Tambi\u00e9n intervinieron la Ing. Diana Patricia Guti\u00e9rrez Fuentes, especialista en tratamiento de aguas residuales, quien destac\u00f3 la importancia de fortalecer la infraestructura de tratamiento y el re\u00faso del agua como parte de una estrategia integral ante la escasez de agua en Hermosillo, y el Ing. Filiberto Cota Gracia que profundiz\u00f3 en los retos relacionados con la eficiencia operativa del organismo operador, particularmente para la atenci\u00f3n a fugas y p\u00e9rdidas en la red de distribuci\u00f3n y la importancia de la profesionalizaci\u00f3n del organismo como parte fundamental para su capacidad de respuesta a las demandas ciudadanas.<\/span><\/p>\n<p class=\"x_MsoNormal\"><span lang=\"es\">\u00a0<\/span><\/p>\n<p class=\"x_MsoNormal\"><span lang=\"es\">Finalmente, Ernesto Urbina Miranda subray\u00f3 que el objetivo de Hermosillo \u00bfC\u00f3mo Vamos? es promover el di\u00e1logo y coordinaci\u00f3n de acciones para una gesti\u00f3n del agua t\u00e9cnica, transparente, corresponsable y de largo plazo, que habilite un futuro sostenible para nuestra comunidad.<\/span><\/p>\n<p class=\"x_MsoNormal\"><span lang=\"es\">\u00a0<\/span><\/p>\n<p class=\"x_MsoNormal\"><span lang=\"es\">El documento<b><i>\u00a0\u201cAgenda para Transformar la Gesti\u00f3n del Agua en Hermosillo\u201d<\/i><\/b>\u00a0re\u00fane aportaciones de especialistas integrantes de esta mesa de trabajo ciudadana, as\u00ed como la carta abierta expuesta por el grupo. Se encuentra disponible para su descarga libre en el sitio web\u00a0<a title=\"http:\/\/www.hermosillocomovamos.org\" href=\"http:\/\/www.hermosillocomovamos.org\/\" target=\"_blank\" rel=\"noopener noreferrer\" data-auth=\"NotApplicable\" data-linkindex=\"0\">www.hermosillocomovamos.org<\/a><\/span><\/p>\n<p class=\"x_MsoNormal\"><span lang=\"es\">\u00a0<\/span><\/p>\n<p class=\"x_MsoNormal\"><b><i>Carta abierta:<\/i><\/b><\/p>\n<p class=\"x_MsoNormal\"><a title=\"http:\/\/tiny.cc\/s8l0101\" href=\"http:\/\/tiny.cc\/s8l0101\" target=\"_blank\" rel=\"noopener noreferrer\" data-auth=\"NotApplicable\" data-linkindex=\"1\">http:\/\/tiny.cc\/s8l0101<\/a><\/p>\n<p class=\"x_MsoNormal\"><b><i>Documento:<\/i><\/b><\/p>\n<p class=\"x_MsoNormal\"><b><i>\u201cAgenda para transformar la gesti\u00f3n del agua en Hermosillo\u201d\u00a0<\/i><\/b><a title=\"https:\/\/tinyurl.com\/5863nvfm\" href=\"https:\/\/tinyurl.com\/5863nvfm\" target=\"_blank\" rel=\"noopener noreferrer\" data-auth=\"NotApplicable\" data-linkindex=\"2\">https:\/\/tinyurl.com\/5863nvfm<\/a><\/p>\n","protected":false},"excerpt":{"rendered":"<p>Hermosillo, Sonora, a jueves 19 de marzo de 2026.-\u00a0En el marco del D\u00eda Mundial del Agua, que se celebra cada 22 de marzo, integrantes de la Mesa Tem\u00e1tica de Agua de Hermosillo \u00bfC\u00f3mo Vamos? hicieron un llamado a implementar acciones concretas para transformar la gesti\u00f3n del agua en la ciudad, a trav\u00e9s de la lectura [&hellip;]<\/p>\n","protected":false},"author":2,"featured_media":249698,"comment_status":"closed","ping_status":"closed","sticky":false,"template":"","format":"standard","meta":{"footnotes":""},"categories":[12870,178],"tags":[12865,12869],"class_list":["post-249697","post","type-post","status-publish","format-standard","has-post-thumbnail","hentry","category-destacadas","category-local","tag-destacadas","tag-local"],"jetpack_featured_media_url":"https:\/\/rnoticias.com.mx\/Portal\/wp-content\/uploads\/2026\/03\/DiaMundialdelAgua26-2.jpg","amp_enabled":true,"_links":{"self":[{"href":"https:\/\/rnoticias.com.mx\/Portal\/wp-json\/wp\/v2\/posts\/249697","targetHints":{"allow":["GET"]}}],"collection":[{"href":"https:\/\/rnoticias.com.mx\/Portal\/wp-json\/wp\/v2\/posts"}],"about":[{"href":"https:\/\/rnoticias.com.mx\/Portal\/wp-json\/wp\/v2\/types\/post"}],"author":[{"embeddable":true,"href":"https:\/\/rnoticias.com.mx\/Portal\/wp-json\/wp\/v2\/users\/2"}],"replies":[{"embeddable":true,"href":"https:\/\/rnoticias.com.mx\/Portal\/wp-json\/wp\/v2\/comments?post=249697"}],"version-history":[{"count":1,"href":"https:\/\/rnoticias.com.mx\/Portal\/wp-json\/wp\/v2\/posts\/249697\/revisions"}],"predecessor-version":[{"id":249699,"href":"https:\/\/rnoticias.com.mx\/Portal\/wp-json\/wp\/v2\/posts\/249697\/revisions\/249699"}],"wp:featuredmedia":[{"embeddable":true,"href":"https:\/\/rnoticias.com.mx\/Portal\/wp-json\/wp\/v2\/media\/249698"}],"wp:attachment":[{"href":"https:\/\/rnoticias.com.mx\/Portal\/wp-json\/wp\/v2\/media?parent=249697"}],"wp:term":[{"taxonomy":"category","embeddable":true,"href":"https:\/\/rnoticias.com.mx\/Portal\/wp-json\/wp\/v2\/categories?post=249697"},{"taxonomy":"post_tag","embeddable":true,"href":"https:\/\/rnoticias.com.mx\/Portal\/wp-json\/wp\/v2\/tags?post=249697"}],"curies":[{"name":"wp","href":"https:\/\/api.w.org\/{rel}","templated":true}]}}