{"id":249679,"date":"2026-03-19T19:38:36","date_gmt":"2026-03-20T02:38:36","guid":{"rendered":"https:\/\/rnoticias.com.mx\/Portal\/?p=249679"},"modified":"2026-03-19T19:38:36","modified_gmt":"2026-03-20T02:38:36","slug":"deni-gastelum-y-julio-navarro-impulsan-reforma-para-proteger-a-ninas-ninos-y-adolescentes-en-situacion-de-orfandad","status":"publish","type":"post","link":"https:\/\/rnoticias.com.mx\/Portal\/2026\/03\/19\/deni-gastelum-y-julio-navarro-impulsan-reforma-para-proteger-a-ninas-ninos-y-adolescentes-en-situacion-de-orfandad\/","title":{"rendered":"Den\u00ed Gast\u00e9lum y Julio Navarro impulsan reforma para proteger a ni\u00f1as, ni\u00f1os y adolescentes en situaci\u00f3n de orfandad"},"content":{"rendered":"<p>Hermosillo, Sonora; 19 de marzo de 2026.- Ante la creciente vulnerabilidad de menores que han perdido a uno o ambos progenitores, los diputados Julio C\u00e9sar Navarro Contreras y Deni Gast\u00e9lum Barreras, ambos de Morena, presentaron una iniciativa para reconocer la orfandad dentro de la Ley de Asistencia Social del Estado de Sonora.<\/p>\n<p>La propuesta, turnada a la Comisi\u00f3n de los Derechos de la Ni\u00f1ez, la Adolescencia y la Juventud para su estudio, plantea reconocer la orfandad total o parcial como una situaci\u00f3n que requiere atenci\u00f3n prioritaria por parte de las instituciones de asistencia social.<\/p>\n<p>Durante la presentaci\u00f3n, la diputada Den\u00ed Gast\u00e9lum Barreras destac\u00f3 que la iniciativa busca fortalecer el marco jur\u00eddico estatal para proteger a ni\u00f1as, ni\u00f1os y adolescentes que enfrentan condiciones de alta vulnerabilidad tras la p\u00e9rdida de uno o ambos progenitores.<\/p>\n<p>\u201cCon esta reforma se busca garantizar que las instituciones encargadas de la asistencia social puedan identificar oportunamente a las personas menores de edad que se encuentren en estas condiciones de desprotecci\u00f3n familiar, permitiendo su inclusi\u00f3n en programas, servicios y mecanismos de apoyo institucional. La reforma propuesta tiene como prop\u00f3sito consolidar un marco jur\u00eddico m\u00e1s claro, actualizado y congruente con los principios constitucionales de protecci\u00f3n a la ni\u00f1ez, contribuyendo as\u00ed al fortalecimiento de las pol\u00edticas p\u00fablicas de asistencia social en el estado\u201d, se\u00f1al\u00f3.<\/p>\n<p>Precis\u00f3 que las condiciones de pobreza y vulnerabilidad social que enfrentan estos menores en Sonora se agravan en situaciones de orfandad, al debilitarse los mecanismos primarios de cuidado y protecci\u00f3n familiar.<\/p>\n<p>Asimismo, la iniciativa propone que las autoridades puedan identificar de manera temprana a menores en situaci\u00f3n de orfandad, facilitando su acceso a programas de apoyo psicol\u00f3gico, educativo y social, contribuyendo a su desarrollo integral y reduciendo riesgos como la exclusi\u00f3n, la violencia o el rezago educativo.<\/p>\n<p>Gast\u00e9lum Barreras subray\u00f3 que la iniciativa se encuentra alineada con el principio del inter\u00e9s superior de la ni\u00f1ez previsto en la Constituci\u00f3n, as\u00ed como con las obligaciones del Estado de garantizar la protecci\u00f3n integral de sus derechos.<\/p>\n<p>Los diputados enfatizaron que continuar\u00e1n promoviendo reformas que garanticen una mayor protecci\u00f3n para ni\u00f1as, ni\u00f1os y adolescentes, especialmente aquellos en condiciones de vulnerabilidad.<\/p>\n","protected":false},"excerpt":{"rendered":"<p>Hermosillo, Sonora; 19 de marzo de 2026.- Ante la creciente vulnerabilidad de menores que han perdido a uno o ambos progenitores, los diputados Julio C\u00e9sar Navarro Contreras y Deni Gast\u00e9lum Barreras, ambos de Morena, presentaron una iniciativa para reconocer la orfandad dentro de la Ley de Asistencia Social del Estado de Sonora. La propuesta, turnada [&hellip;]<\/p>\n","protected":false},"author":2,"featured_media":249680,"comment_status":"closed","ping_status":"closed","sticky":false,"template":"","format":"standard","meta":{"footnotes":""},"categories":[12868],"tags":[12879],"class_list":["post-249679","post","type-post","status-publish","format-standard","has-post-thumbnail","hentry","category-politica","tag-politica"],"jetpack_featured_media_url":"https:\/\/rnoticias.com.mx\/Portal\/wp-content\/uploads\/2026\/03\/75.jpg","amp_enabled":true,"_links":{"self":[{"href":"https:\/\/rnoticias.com.mx\/Portal\/wp-json\/wp\/v2\/posts\/249679","targetHints":{"allow":["GET"]}}],"collection":[{"href":"https:\/\/rnoticias.com.mx\/Portal\/wp-json\/wp\/v2\/posts"}],"about":[{"href":"https:\/\/rnoticias.com.mx\/Portal\/wp-json\/wp\/v2\/types\/post"}],"author":[{"embeddable":true,"href":"https:\/\/rnoticias.com.mx\/Portal\/wp-json\/wp\/v2\/users\/2"}],"replies":[{"embeddable":true,"href":"https:\/\/rnoticias.com.mx\/Portal\/wp-json\/wp\/v2\/comments?post=249679"}],"version-history":[{"count":1,"href":"https:\/\/rnoticias.com.mx\/Portal\/wp-json\/wp\/v2\/posts\/249679\/revisions"}],"predecessor-version":[{"id":249681,"href":"https:\/\/rnoticias.com.mx\/Portal\/wp-json\/wp\/v2\/posts\/249679\/revisions\/249681"}],"wp:featuredmedia":[{"embeddable":true,"href":"https:\/\/rnoticias.com.mx\/Portal\/wp-json\/wp\/v2\/media\/249680"}],"wp:attachment":[{"href":"https:\/\/rnoticias.com.mx\/Portal\/wp-json\/wp\/v2\/media?parent=249679"}],"wp:term":[{"taxonomy":"category","embeddable":true,"href":"https:\/\/rnoticias.com.mx\/Portal\/wp-json\/wp\/v2\/categories?post=249679"},{"taxonomy":"post_tag","embeddable":true,"href":"https:\/\/rnoticias.com.mx\/Portal\/wp-json\/wp\/v2\/tags?post=249679"}],"curies":[{"name":"wp","href":"https:\/\/api.w.org\/{rel}","templated":true}]}}