{"id":249643,"date":"2026-03-19T18:37:17","date_gmt":"2026-03-20T01:37:17","guid":{"rendered":"https:\/\/rnoticias.com.mx\/Portal\/?p=249643"},"modified":"2026-03-19T18:37:17","modified_gmt":"2026-03-20T01:37:17","slug":"ninas-ninos-y-adolescentes-no-son-espectadores-sino-actores-que-proponen-soluciones-ambientales-iliana-hernandez-gomez","status":"publish","type":"post","link":"https:\/\/rnoticias.com.mx\/Portal\/2026\/03\/19\/ninas-ninos-y-adolescentes-no-son-espectadores-sino-actores-que-proponen-soluciones-ambientales-iliana-hernandez-gomez\/","title":{"rendered":"Ni\u00f1as, ni\u00f1os y adolescentes no son espectadores, sino actores que proponen soluciones ambientales: Iliana Hern\u00e1ndez G\u00f3mez"},"content":{"rendered":"<p class=\"x_MsoNormal\"><span data-olk-copy-source=\"MessageBody\">Al participar en el foro legislativo \u201cNi\u00f1ez y Derecho a un Medio Ambiente Sano\u201d, la Encargada de Despacho de la Direcci\u00f3n Ejecutiva de Capacitaci\u00f3n Electoral y Educaci\u00f3n C\u00edvica del Instituto Nacional Electoral (INE), Iliana Araceli Hern\u00e1ndez G\u00f3mez, afirm\u00f3 que las ni\u00f1as, ni\u00f1os y adolescentes \u201cno son simples espectadores de lo que sucede en sus entornos inmediatos, sino que se interesan en sus comunidades, su pa\u00eds y su planeta\u201d, temas en los que reflexionan y promueven soluciones.<\/span><\/p>\n<p class=\"x_MsoNormal\">\n<p class=\"x_MsoNormal\">En el Senado de la Rep\u00fablica, con el tema \u201cLa Consulta Infantil y Juvenil como mecanismo de participaci\u00f3n plena y efectiva de la ni\u00f1ez en materia ambiental\u201d, Hern\u00e1ndez G\u00f3mez sostuvo que este sector de la poblaci\u00f3n no s\u00f3lo identifica las problem\u00e1ticas asociadas a los recursos naturales, sino que tambi\u00e9n formula propuestas concretas para atenderlas.<\/p>\n<p class=\"x_MsoNormal\">\n<p class=\"x_MsoNormal\">Ante la Senadora Laura Esquivel Torres, Presidenta de la Comisi\u00f3n de Derechos de la Ni\u00f1ez y de la Adolescencia, asever\u00f3 que los resultados de la Consulta deben ser atendidos por autoridades y actores sociales, pues se trata de un mecanismo que \u201cnos debe hacer escuchar esas voces y tomarlas en cuenta a trav\u00e9s de acciones impulsadas por el Estado mexicano, la sociedad civil y otras instituciones que contribuyan a garantizar sus derechos\u201d.<\/p>\n<p class=\"x_MsoNormal\">\n<p class=\"x_MsoNormal\">La Encargada de Despacho de la Direcci\u00f3n Ejecutiva de Capacitaci\u00f3n Electoral y Educaci\u00f3n C\u00edvica subray\u00f3 que la Consulta Infantil y Juvenil organizada por el INE permite recoger estas opiniones y planteamientos en torno a temas p\u00fablicos, incluido el medio ambiente y el cuidado de los animales; por lo que enfatiz\u00f3 la relevancia de incorporar la voz de ni\u00f1as, ni\u00f1os y adolescentes en la definici\u00f3n de acciones relacionadas con el cuidado del entorno.<\/p>\n<p class=\"x_MsoNormal\">\n<p class=\"x_MsoNormal\">Durante su intervenci\u00f3n en el Senado de la Rep\u00fablica, donde convergieron representantes del Fondo de las Naciones Unidas para la Infancia en M\u00e9xico y de diversas instancias gubernamentales y sociales, inform\u00f3 que en la edici\u00f3n 2024 de la Consulta Infantil y Juvenil participaron 10 millones 703 mil 505 ni\u00f1as, ni\u00f1os y adolescentes, equivalentes al 32.95 % de la poblaci\u00f3n de entre 3 y 17 a\u00f1os en el pa\u00eds.<\/p>\n<p class=\"x_MsoNormal\">\n<p class=\"x_MsoNormal\">Agreg\u00f3 que este ejercicio se realiza cada tres a\u00f1os desde 1997 y que se desarrolla mediante la instalaci\u00f3n de casillas y dispositivos m\u00f3viles en todo el territorio nacional, incluyendo zonas urbanas, rurales, ind\u00edgenas y localidades de dif\u00edcil acceso. Asimismo, resalt\u00f3 que se orienta por el criterio transversal de inclusi\u00f3n y con perspectivas de derechos, de infancias y de g\u00e9nero, lo cual ha implicado la elaboraci\u00f3n de boletas diferenciadas para cada grupo de edad, bajo el principio de autonom\u00eda progresiva. Ejemplific\u00f3 con la de pictogramas, para personas de 3 a 5 a\u00f1os o con alguna discapacidad.<\/p>\n<p class=\"x_MsoNormal\">\n<p class=\"x_MsoNormal\">En este sentido, Hern\u00e1ndez G\u00f3mez puntualiz\u00f3 que la Consulta Infantil y Juvenil se concibe como un espacio de ejercicio de derechos y participaci\u00f3n, no como un instrumento estad\u00edstico o una simulaci\u00f3n electoral.<\/p>\n<p class=\"x_MsoNormal\"><b>\u00a0<\/b><\/p>\n","protected":false},"excerpt":{"rendered":"<p>Al participar en el foro legislativo \u201cNi\u00f1ez y Derecho a un Medio Ambiente Sano\u201d, la Encargada de Despacho de la Direcci\u00f3n Ejecutiva de Capacitaci\u00f3n Electoral y Educaci\u00f3n C\u00edvica del Instituto Nacional Electoral (INE), Iliana Araceli Hern\u00e1ndez G\u00f3mez, afirm\u00f3 que las ni\u00f1as, ni\u00f1os y adolescentes \u201cno son simples espectadores de lo que sucede en sus entornos [&hellip;]<\/p>\n","protected":false},"author":2,"featured_media":249644,"comment_status":"closed","ping_status":"closed","sticky":false,"template":"","format":"standard","meta":{"footnotes":""},"categories":[12870,12868],"tags":[12865,12879],"class_list":["post-249643","post","type-post","status-publish","format-standard","has-post-thumbnail","hentry","category-destacadas","category-politica","tag-destacadas","tag-politica"],"jetpack_featured_media_url":"https:\/\/rnoticias.com.mx\/Portal\/wp-content\/uploads\/2026\/03\/Resultados-CIJ2024-2.png","amp_enabled":true,"_links":{"self":[{"href":"https:\/\/rnoticias.com.mx\/Portal\/wp-json\/wp\/v2\/posts\/249643","targetHints":{"allow":["GET"]}}],"collection":[{"href":"https:\/\/rnoticias.com.mx\/Portal\/wp-json\/wp\/v2\/posts"}],"about":[{"href":"https:\/\/rnoticias.com.mx\/Portal\/wp-json\/wp\/v2\/types\/post"}],"author":[{"embeddable":true,"href":"https:\/\/rnoticias.com.mx\/Portal\/wp-json\/wp\/v2\/users\/2"}],"replies":[{"embeddable":true,"href":"https:\/\/rnoticias.com.mx\/Portal\/wp-json\/wp\/v2\/comments?post=249643"}],"version-history":[{"count":1,"href":"https:\/\/rnoticias.com.mx\/Portal\/wp-json\/wp\/v2\/posts\/249643\/revisions"}],"predecessor-version":[{"id":249645,"href":"https:\/\/rnoticias.com.mx\/Portal\/wp-json\/wp\/v2\/posts\/249643\/revisions\/249645"}],"wp:featuredmedia":[{"embeddable":true,"href":"https:\/\/rnoticias.com.mx\/Portal\/wp-json\/wp\/v2\/media\/249644"}],"wp:attachment":[{"href":"https:\/\/rnoticias.com.mx\/Portal\/wp-json\/wp\/v2\/media?parent=249643"}],"wp:term":[{"taxonomy":"category","embeddable":true,"href":"https:\/\/rnoticias.com.mx\/Portal\/wp-json\/wp\/v2\/categories?post=249643"},{"taxonomy":"post_tag","embeddable":true,"href":"https:\/\/rnoticias.com.mx\/Portal\/wp-json\/wp\/v2\/tags?post=249643"}],"curies":[{"name":"wp","href":"https:\/\/api.w.org\/{rel}","templated":true}]}}