{"id":249637,"date":"2026-03-19T17:57:07","date_gmt":"2026-03-20T00:57:07","guid":{"rendered":"https:\/\/rnoticias.com.mx\/Portal\/?p=249637"},"modified":"2026-03-19T17:57:07","modified_gmt":"2026-03-20T00:57:07","slug":"tee-invalida-cambios-al-prd-en-sonora","status":"publish","type":"post","link":"https:\/\/rnoticias.com.mx\/Portal\/2026\/03\/19\/tee-invalida-cambios-al-prd-en-sonora\/","title":{"rendered":"TEE invalida cambios al PRD en Sonora"},"content":{"rendered":"<p>Hermosillo, Sonora. El Tribunal Estatal Electoral de Sonora resolvi\u00f3 frenar el intento de modificar el nombre, estatutos e identidad del PRD en la entidad, al aprobar por unanimidad la impugnaci\u00f3n presentada por militantes del partido.<\/p>\n<p>&nbsp;<\/p>\n<p>Adilene Montoya Castillo, secretaria general del pleno del TEE, explic\u00f3 que la resoluci\u00f3n se bas\u00f3 en omisiones graves durante la convocatoria a la asamblea del 25 de enero, donde no se notific\u00f3 ni integr\u00f3 adecuadamente a consejeros, vulnerando sus derechos pol\u00edtico-electorales.<\/p>\n<p>&nbsp;<\/p>\n<p>El proyecto, derivado de la impugnaci\u00f3n promovida en febrero, fue respaldado por los magistrados. Tras el fallo, se notificar\u00e1 a la dirigencia estatal para dar cumplimiento a la invalidez de los actos.<\/p>\n<p>&nbsp;<\/p>\n","protected":false},"excerpt":{"rendered":"<p>Hermosillo, Sonora. El Tribunal Estatal Electoral de Sonora resolvi\u00f3 frenar el intento de modificar el nombre, estatutos e identidad del PRD en la entidad, al aprobar por unanimidad la impugnaci\u00f3n presentada por militantes del partido. &nbsp; Adilene Montoya Castillo, secretaria general del pleno del TEE, explic\u00f3 que la resoluci\u00f3n se bas\u00f3 en omisiones graves durante [&hellip;]<\/p>\n","protected":false},"author":2,"featured_media":249638,"comment_status":"closed","ping_status":"closed","sticky":false,"template":"","format":"standard","meta":{"footnotes":""},"categories":[12870,12868],"tags":[12865,12879],"class_list":["post-249637","post","type-post","status-publish","format-standard","has-post-thumbnail","hentry","category-destacadas","category-politica","tag-destacadas","tag-politica"],"jetpack_featured_media_url":"https:\/\/rnoticias.com.mx\/Portal\/wp-content\/uploads\/2026\/03\/62033-20260129123416-1.jpg","amp_enabled":true,"_links":{"self":[{"href":"https:\/\/rnoticias.com.mx\/Portal\/wp-json\/wp\/v2\/posts\/249637","targetHints":{"allow":["GET"]}}],"collection":[{"href":"https:\/\/rnoticias.com.mx\/Portal\/wp-json\/wp\/v2\/posts"}],"about":[{"href":"https:\/\/rnoticias.com.mx\/Portal\/wp-json\/wp\/v2\/types\/post"}],"author":[{"embeddable":true,"href":"https:\/\/rnoticias.com.mx\/Portal\/wp-json\/wp\/v2\/users\/2"}],"replies":[{"embeddable":true,"href":"https:\/\/rnoticias.com.mx\/Portal\/wp-json\/wp\/v2\/comments?post=249637"}],"version-history":[{"count":1,"href":"https:\/\/rnoticias.com.mx\/Portal\/wp-json\/wp\/v2\/posts\/249637\/revisions"}],"predecessor-version":[{"id":249639,"href":"https:\/\/rnoticias.com.mx\/Portal\/wp-json\/wp\/v2\/posts\/249637\/revisions\/249639"}],"wp:featuredmedia":[{"embeddable":true,"href":"https:\/\/rnoticias.com.mx\/Portal\/wp-json\/wp\/v2\/media\/249638"}],"wp:attachment":[{"href":"https:\/\/rnoticias.com.mx\/Portal\/wp-json\/wp\/v2\/media?parent=249637"}],"wp:term":[{"taxonomy":"category","embeddable":true,"href":"https:\/\/rnoticias.com.mx\/Portal\/wp-json\/wp\/v2\/categories?post=249637"},{"taxonomy":"post_tag","embeddable":true,"href":"https:\/\/rnoticias.com.mx\/Portal\/wp-json\/wp\/v2\/tags?post=249637"}],"curies":[{"name":"wp","href":"https:\/\/api.w.org\/{rel}","templated":true}]}}