{"id":249543,"date":"2026-03-18T19:40:06","date_gmt":"2026-03-19T02:40:06","guid":{"rendered":"https:\/\/rnoticias.com.mx\/Portal\/?p=249543"},"modified":"2026-03-18T19:40:06","modified_gmt":"2026-03-19T02:40:06","slug":"necesario-el-apoyo-ciudadano-para-ayudar-en-renovacion-de-equipo-de-bomberos","status":"publish","type":"post","link":"https:\/\/rnoticias.com.mx\/Portal\/2026\/03\/18\/necesario-el-apoyo-ciudadano-para-ayudar-en-renovacion-de-equipo-de-bomberos\/","title":{"rendered":"Necesario el apoyo ciudadano para ayudar en renovaci\u00f3n de equipo de bomberos"},"content":{"rendered":"<p>Hermosillo, Sonora. El Patronato de Bomberos de Hermosillo lanz\u00f3 un llamado a la ciudadan\u00eda para contribuir en la renovaci\u00f3n del equipo de protecci\u00f3n de los elementos, ante los altos costos que implica mantener operativa a la corporaci\u00f3n.<\/p>\n<p>&nbsp;<\/p>\n<p>Su presidente Alexis Samaniego, inform\u00f3 que equipar a un solo bombero con traje especializado y equipo de respiraci\u00f3n cuesta alrededor de 14 mil d\u00f3lares, lo que representa una inversi\u00f3n considerable al contemplar a los 240 elementos activos.<\/p>\n<p>&nbsp;<\/p>\n<p>\u201cSe invita a la poblaci\u00f3n a realizar aportaciones voluntarias, ya sea a trav\u00e9s de recibos de servicios o durante el proceso de canje de placas, mecanismos que han permitido fortalecer el equipamiento en a\u00f1os recientes\u201d, mencion\u00f3.<\/p>\n<p>&nbsp;<\/p>\n<p>Destac\u00f3, que el crecimiento de Hermosillo demanda una constante actualizaci\u00f3n en equipo y capacitaci\u00f3n, adem\u00e1s de cubrir gastos operativos. Por ello, subray\u00f3 que ello es clave para garantizar la seguridad de los bomberos.<\/p>\n<p>&nbsp;<\/p>\n","protected":false},"excerpt":{"rendered":"<p>Hermosillo, Sonora. El Patronato de Bomberos de Hermosillo lanz\u00f3 un llamado a la ciudadan\u00eda para contribuir en la renovaci\u00f3n del equipo de protecci\u00f3n de los elementos, ante los altos costos que implica mantener operativa a la corporaci\u00f3n. &nbsp; Su presidente Alexis Samaniego, inform\u00f3 que equipar a un solo bombero con traje especializado y equipo de [&hellip;]<\/p>\n","protected":false},"author":2,"featured_media":249544,"comment_status":"closed","ping_status":"closed","sticky":false,"template":"","format":"standard","meta":{"footnotes":""},"categories":[12870,178],"tags":[12865,12869],"class_list":["post-249543","post","type-post","status-publish","format-standard","has-post-thumbnail","hentry","category-destacadas","category-local","tag-destacadas","tag-local"],"jetpack_featured_media_url":"https:\/\/rnoticias.com.mx\/Portal\/wp-content\/uploads\/2026\/03\/pa.jpg","amp_enabled":true,"_links":{"self":[{"href":"https:\/\/rnoticias.com.mx\/Portal\/wp-json\/wp\/v2\/posts\/249543","targetHints":{"allow":["GET"]}}],"collection":[{"href":"https:\/\/rnoticias.com.mx\/Portal\/wp-json\/wp\/v2\/posts"}],"about":[{"href":"https:\/\/rnoticias.com.mx\/Portal\/wp-json\/wp\/v2\/types\/post"}],"author":[{"embeddable":true,"href":"https:\/\/rnoticias.com.mx\/Portal\/wp-json\/wp\/v2\/users\/2"}],"replies":[{"embeddable":true,"href":"https:\/\/rnoticias.com.mx\/Portal\/wp-json\/wp\/v2\/comments?post=249543"}],"version-history":[{"count":1,"href":"https:\/\/rnoticias.com.mx\/Portal\/wp-json\/wp\/v2\/posts\/249543\/revisions"}],"predecessor-version":[{"id":249545,"href":"https:\/\/rnoticias.com.mx\/Portal\/wp-json\/wp\/v2\/posts\/249543\/revisions\/249545"}],"wp:featuredmedia":[{"embeddable":true,"href":"https:\/\/rnoticias.com.mx\/Portal\/wp-json\/wp\/v2\/media\/249544"}],"wp:attachment":[{"href":"https:\/\/rnoticias.com.mx\/Portal\/wp-json\/wp\/v2\/media?parent=249543"}],"wp:term":[{"taxonomy":"category","embeddable":true,"href":"https:\/\/rnoticias.com.mx\/Portal\/wp-json\/wp\/v2\/categories?post=249543"},{"taxonomy":"post_tag","embeddable":true,"href":"https:\/\/rnoticias.com.mx\/Portal\/wp-json\/wp\/v2\/tags?post=249543"}],"curies":[{"name":"wp","href":"https:\/\/api.w.org\/{rel}","templated":true}]}}