{"id":249453,"date":"2026-03-18T18:45:17","date_gmt":"2026-03-19T01:45:17","guid":{"rendered":"https:\/\/rnoticias.com.mx\/Portal\/?p=249453"},"modified":"2026-03-18T18:45:17","modified_gmt":"2026-03-19T01:45:17","slug":"avanza-preparacion-para-celebracion-encabezada-por-el-gobernador-durazo-por-el-primer-aniversario-del-bosque-urbano-la-sauceda","status":"publish","type":"post","link":"https:\/\/rnoticias.com.mx\/Portal\/2026\/03\/18\/avanza-preparacion-para-celebracion-encabezada-por-el-gobernador-durazo-por-el-primer-aniversario-del-bosque-urbano-la-sauceda\/","title":{"rendered":"Avanza preparaci\u00f3n para celebraci\u00f3n encabezada por el gobernador Durazo por el Primer Aniversario del Bosque Urbano La Sauceda"},"content":{"rendered":"<p>Hermosillo, Sonora; 18 de marzo de 2026.- Como parte de los preparativos para la inauguraci\u00f3n de la segunda etapa del Bosque Urbano La Sauceda y la conmemoraci\u00f3n de su primer aniversario, que encabezar\u00e1 el gobernador Alfonso Durazo, autoridades estatales avanzan en los \u00faltimos detalles de este espacio, consolidado como punto clave de convivencia, cultura y bienestar para las familias sonorenses.<\/p>\n<p>Durante la supervisi\u00f3n, la jefa de la Oficina del Ejecutivo Estatal, Paulina Oca\u00f1a, destac\u00f3 que la recuperaci\u00f3n de La Sauceda refleja la visi\u00f3n del gobernador Durazo de rescatar patrimonios hist\u00f3ricos y devolverlos a la ciudadan\u00eda como espacios dignos, seguros y con vocaci\u00f3n social y ambiental.<\/p>\n<p>La secretaria de Infraestructura y Desarrollo Urbano, Alejandra Castro, subray\u00f3 que la segunda etapa integra nuevas atracciones como la trotapista m\u00e1s grande de Sonora, el \u00e1rea de lanchitas y el Pabell\u00f3n Kin\u00e9tico, fortaleciendo la oferta recreativa, deportiva y cultural del parque para beneficio de las familias.<\/p>\n<p>Por su parte, el comisionado de Ecolog\u00eda y Desarrollo Sustentable, Carlos Zatarain, destac\u00f3 que, como parte de la rehabilitaci\u00f3n integral, se han plantado m\u00e1s de 11 mil \u00e1rboles, arbustos y cact\u00e1ceas, contribuyendo a la recuperaci\u00f3n ambiental del \u00e1rea y al fortalecimiento del pulm\u00f3n ecol\u00f3gico de la ciudad.<\/p>\n<p>El coordinador general del Consejo Estatal de Concertaci\u00f3n para la Obra P\u00fablica, Melit\u00f3n S\u00e1nchez, inform\u00f3 que esta etapa contempla la rehabilitaci\u00f3n de tres canchas deportivas, con el objetivo de ampliar las opciones para la pr\u00e1ctica del deporte y la activaci\u00f3n f\u00edsica de ni\u00f1as, ni\u00f1os y j\u00f3venes.<\/p>\n<p>A su vez, el director del Bosque Urbano La Sauceda, Jes\u00fas Madrid, resalt\u00f3 la cartelera art\u00edstica y cultural que se desarrollar\u00e1 los d\u00edas 20, 21 y 22 de marzo, con actividades gratuitas para toda la familia, consolidando al parque como un espacio vivo para la convivencia social y la expresi\u00f3n cultural.<\/p>\n<p>Datos relevantes del Bosque Urbano La Sauceda:<\/p>\n<p>\u2022 Inversi\u00f3n total acumulada de 592 millones 530 mil pesos en sus dos etapas.<\/p>\n<p>\u2022 La segunda etapa contempla una inversi\u00f3n de 170 millones 330 mil pesos en 2026.<\/p>\n<p>\u2022 Se destinan 60 millones de pesos al Parque Estatal Cerro de la Cementera, como expansi\u00f3n ecol\u00f3gica del bosque urbano.<\/p>\n<p>\u2022 M\u00e1s de 500 mil visitantes desde la reapertura del Bosque Urbano La Sauceda.<\/p>\n<p>\u2022 Realizaci\u00f3n de 56 eventos culturales gratuitos y 46 talleres.<\/p>\n<p>\u2022 Beneficio directo a m\u00e1s de cinco mil 300 participantes y 462 emprendedores locales.<\/p>\n","protected":false},"excerpt":{"rendered":"<p>Hermosillo, Sonora; 18 de marzo de 2026.- Como parte de los preparativos para la inauguraci\u00f3n de la segunda etapa del Bosque Urbano La Sauceda y la conmemoraci\u00f3n de su primer aniversario, que encabezar\u00e1 el gobernador Alfonso Durazo, autoridades estatales avanzan en los \u00faltimos detalles de este espacio, consolidado como punto clave de convivencia, cultura y [&hellip;]<\/p>\n","protected":false},"author":2,"featured_media":249454,"comment_status":"closed","ping_status":"closed","sticky":false,"template":"","format":"standard","meta":{"footnotes":""},"categories":[12870,178],"tags":[12865,12869],"class_list":["post-249453","post","type-post","status-publish","format-standard","has-post-thumbnail","hentry","category-destacadas","category-local","tag-destacadas","tag-local"],"jetpack_featured_media_url":"https:\/\/rnoticias.com.mx\/Portal\/wp-content\/uploads\/2026\/03\/unnamed-1-31.jpg","amp_enabled":true,"_links":{"self":[{"href":"https:\/\/rnoticias.com.mx\/Portal\/wp-json\/wp\/v2\/posts\/249453","targetHints":{"allow":["GET"]}}],"collection":[{"href":"https:\/\/rnoticias.com.mx\/Portal\/wp-json\/wp\/v2\/posts"}],"about":[{"href":"https:\/\/rnoticias.com.mx\/Portal\/wp-json\/wp\/v2\/types\/post"}],"author":[{"embeddable":true,"href":"https:\/\/rnoticias.com.mx\/Portal\/wp-json\/wp\/v2\/users\/2"}],"replies":[{"embeddable":true,"href":"https:\/\/rnoticias.com.mx\/Portal\/wp-json\/wp\/v2\/comments?post=249453"}],"version-history":[{"count":1,"href":"https:\/\/rnoticias.com.mx\/Portal\/wp-json\/wp\/v2\/posts\/249453\/revisions"}],"predecessor-version":[{"id":249455,"href":"https:\/\/rnoticias.com.mx\/Portal\/wp-json\/wp\/v2\/posts\/249453\/revisions\/249455"}],"wp:featuredmedia":[{"embeddable":true,"href":"https:\/\/rnoticias.com.mx\/Portal\/wp-json\/wp\/v2\/media\/249454"}],"wp:attachment":[{"href":"https:\/\/rnoticias.com.mx\/Portal\/wp-json\/wp\/v2\/media?parent=249453"}],"wp:term":[{"taxonomy":"category","embeddable":true,"href":"https:\/\/rnoticias.com.mx\/Portal\/wp-json\/wp\/v2\/categories?post=249453"},{"taxonomy":"post_tag","embeddable":true,"href":"https:\/\/rnoticias.com.mx\/Portal\/wp-json\/wp\/v2\/tags?post=249453"}],"curies":[{"name":"wp","href":"https:\/\/api.w.org\/{rel}","templated":true}]}}