{"id":249444,"date":"2026-03-18T16:14:46","date_gmt":"2026-03-18T23:14:46","guid":{"rendered":"https:\/\/rnoticias.com.mx\/Portal\/?p=249444"},"modified":"2026-03-18T16:14:46","modified_gmt":"2026-03-18T23:14:46","slug":"suma-gobierno-de-hermosillo-nuevo-sensor-a-la-red-de-monitoreo-ambiental-de-hermosillo-remah","status":"publish","type":"post","link":"https:\/\/rnoticias.com.mx\/Portal\/2026\/03\/18\/suma-gobierno-de-hermosillo-nuevo-sensor-a-la-red-de-monitoreo-ambiental-de-hermosillo-remah\/","title":{"rendered":"Suma Gobierno de Hermosillo nuevo sensor a la Red de Monitoreo Ambiental de Hermosillo (REMAH)"},"content":{"rendered":"<p>Hermosillo, Sonora; 18 de febrero, 2026.- La Agencia Municipal de Energ\u00eda y Cambio Clim\u00e1tico (AMECC) incorpor\u00f3 un nuevo sensor a la Red de Monitoreo Ambiental de Hermosillo (REMAH), ubicado en la parada de cami\u00f3n refrigerada de la colonia Emiliano Zapata, que se integra para generar datos sobre la presencia de part\u00edculas suspendidas en el aire, inform\u00f3 Carla Neudert C\u00f3rdova.<\/p>\n<p>\u201cSe integra a los 15 que ya tenemos en la ciudad funcionando, entre los cuales est\u00e1n las paradas de cami\u00f3n refrigeradas en Ley Vado del R\u00edo, El Mariachi, Emiliano Zapata, de tal manera que en estas paradas que ya est\u00e1n equipadas con Internet\u201d, explic\u00f3 la directora de Energ\u00eda.<\/p>\n<p>Explic\u00f3 que est\u00e1s acciones forman parte de la estrategia en material a ambiental que promueve el presidente municipal Antonio Astiazar\u00e1n.<\/p>\n<p>Las ubicaciones de los sensores que faltan por instalar incluir\u00e1n a las comunidades La Victoria, El Tazajal y el poblado Miguel Alem\u00e1n, como parte de la medici\u00f3n de la calidad del aire ya no solo en la ciudad, sino tambi\u00e9n en comunidades rurales del municipio, abund\u00f3.<\/p>\n<p>Record\u00f3 que el a\u00f1o pasado se instal\u00f3 el Comit\u00e9 de Monitoreo de la Calidad del Aire con participaci\u00f3n de la UNISON, la Universidad Estatal de Sonora, dependencias municipales, estatales y federales y organismos de la sociedad civil, para en funci\u00f3n de los datos recabados ejecutar acciones y medir su efectividad en cuanto a la disminuci\u00f3n de contaminaci\u00f3n.<\/p>\n<p>Mencion\u00f3 actividades como la rehabilitaci\u00f3n del Vivero Municipal, jornadas Llantat\u00f3n y vigilancia estricta para impedir o sancionar las quemas, entre los aportes del Ayuntamiento a la mejora de la calidad del aire en Hermosillo.<\/p>\n","protected":false},"excerpt":{"rendered":"<p>Hermosillo, Sonora; 18 de febrero, 2026.- La Agencia Municipal de Energ\u00eda y Cambio Clim\u00e1tico (AMECC) incorpor\u00f3 un nuevo sensor a la Red de Monitoreo Ambiental de Hermosillo (REMAH), ubicado en la parada de cami\u00f3n refrigerada de la colonia Emiliano Zapata, que se integra para generar datos sobre la presencia de part\u00edculas suspendidas en el aire, [&hellip;]<\/p>\n","protected":false},"author":2,"featured_media":249445,"comment_status":"closed","ping_status":"closed","sticky":false,"template":"","format":"standard","meta":{"footnotes":""},"categories":[12870,178],"tags":[12865,12869],"class_list":["post-249444","post","type-post","status-publish","format-standard","has-post-thumbnail","hentry","category-destacadas","category-local","tag-destacadas","tag-local"],"jetpack_featured_media_url":"https:\/\/rnoticias.com.mx\/Portal\/wp-content\/uploads\/2026\/03\/parada-de-camion-refrigerada-hermosillo-1024x512-1.jpg","amp_enabled":true,"_links":{"self":[{"href":"https:\/\/rnoticias.com.mx\/Portal\/wp-json\/wp\/v2\/posts\/249444","targetHints":{"allow":["GET"]}}],"collection":[{"href":"https:\/\/rnoticias.com.mx\/Portal\/wp-json\/wp\/v2\/posts"}],"about":[{"href":"https:\/\/rnoticias.com.mx\/Portal\/wp-json\/wp\/v2\/types\/post"}],"author":[{"embeddable":true,"href":"https:\/\/rnoticias.com.mx\/Portal\/wp-json\/wp\/v2\/users\/2"}],"replies":[{"embeddable":true,"href":"https:\/\/rnoticias.com.mx\/Portal\/wp-json\/wp\/v2\/comments?post=249444"}],"version-history":[{"count":1,"href":"https:\/\/rnoticias.com.mx\/Portal\/wp-json\/wp\/v2\/posts\/249444\/revisions"}],"predecessor-version":[{"id":249446,"href":"https:\/\/rnoticias.com.mx\/Portal\/wp-json\/wp\/v2\/posts\/249444\/revisions\/249446"}],"wp:featuredmedia":[{"embeddable":true,"href":"https:\/\/rnoticias.com.mx\/Portal\/wp-json\/wp\/v2\/media\/249445"}],"wp:attachment":[{"href":"https:\/\/rnoticias.com.mx\/Portal\/wp-json\/wp\/v2\/media?parent=249444"}],"wp:term":[{"taxonomy":"category","embeddable":true,"href":"https:\/\/rnoticias.com.mx\/Portal\/wp-json\/wp\/v2\/categories?post=249444"},{"taxonomy":"post_tag","embeddable":true,"href":"https:\/\/rnoticias.com.mx\/Portal\/wp-json\/wp\/v2\/tags?post=249444"}],"curies":[{"name":"wp","href":"https:\/\/api.w.org\/{rel}","templated":true}]}}