{"id":249367,"date":"2026-03-17T20:28:40","date_gmt":"2026-03-18T03:28:40","guid":{"rendered":"https:\/\/rnoticias.com.mx\/Portal\/?p=249367"},"modified":"2026-03-17T20:28:40","modified_gmt":"2026-03-18T03:28:40","slug":"vinculado-a-proceso-implicado-en-agresion-contra-edgar-rafael-martinez-y-su-madre-fgjes","status":"publish","type":"post","link":"https:\/\/rnoticias.com.mx\/Portal\/2026\/03\/17\/vinculado-a-proceso-implicado-en-agresion-contra-edgar-rafael-martinez-y-su-madre-fgjes\/","title":{"rendered":"Vinculado a proceso implicado en agresi\u00f3n contra \u00c9dgar Rafael Mart\u00ednez y su madre: FGJES"},"content":{"rendered":"<p>Hermosillo, Sonora, 17 de marzo de 2026.- La Fiscal\u00eda General de Justicia del Estado de Sonora (FGJES) informa que fue vinculado a proceso V\u00edctor Manuel \u201cN\u201d por los delitos de homicidio calificado con alevos\u00eda y ventaja, tentativa de homicidio calificado y asociaci\u00f3n delictuosa, tras su probable responsabilidad en el ataque armado contra \u00c9dgar Rafael Mart\u00ednez Biebrich y su madre, en febrero pasado.<\/p>\n<p>El imputado permanecer\u00e1 en prisi\u00f3n preventiva justificada, luego de que el Juez determin\u00f3 que los datos de prueba presentados por el Agente del Ministerio P\u00fablico acreditan su participaci\u00f3n en los hechos.<\/p>\n<p>Los hechos se registraron el 24 de febrero de 2026, en el tramo carretero Hermosillo-Mazat\u00e1n, entre los kil\u00f3metros 60 y 61, donde el imputado y otros sujetos armados circulaban a bordo de un veh\u00edculo.<\/p>\n<p>De acuerdo con la investigaci\u00f3n ministerial, las acciones se produjeron tras un incidente vial, donde los agresores abrieron fuego de manera directa y sin mediar provocaci\u00f3n, cerr\u00e1ndoles el paso y descendiendo posteriormente para continuar disparando con la intenci\u00f3n de privarlos de la vida.<\/p>\n<p>En la agresi\u00f3n, \u00c9dgar Rafael Mart\u00ednez Biebrich perdi\u00f3 la vida a consecuencia de heridas producidas por proyectil de arma de fuego, mientras que Nora Alicia Biebrich Duarte, alcaldesa de Bacanora, logr\u00f3 resguardarse al interior del veh\u00edculo en el que viajaban, evitando ser impactada de forma directa.<\/p>\n<p>Con estas acciones, la Fiscal\u00eda General de Justicia del Estado de Sonora (FGJES) reafirma que no habr\u00e1 impunidad contra quienes atenten contra la vida y la integridad de las y los sonorenses, actuando con firmeza, inteligencia operativa y apego a la ley.<\/p>\n","protected":false},"excerpt":{"rendered":"<p>Hermosillo, Sonora, 17 de marzo de 2026.- La Fiscal\u00eda General de Justicia del Estado de Sonora (FGJES) informa que fue vinculado a proceso V\u00edctor Manuel \u201cN\u201d por los delitos de homicidio calificado con alevos\u00eda y ventaja, tentativa de homicidio calificado y asociaci\u00f3n delictuosa, tras su probable responsabilidad en el ataque armado contra \u00c9dgar Rafael Mart\u00ednez [&hellip;]<\/p>\n","protected":false},"author":2,"featured_media":249368,"comment_status":"closed","ping_status":"closed","sticky":false,"template":"","format":"standard","meta":{"footnotes":""},"categories":[12870,178],"tags":[12865,12869],"class_list":["post-249367","post","type-post","status-publish","format-standard","has-post-thumbnail","hentry","category-destacadas","category-local","tag-destacadas","tag-local"],"jetpack_featured_media_url":"https:\/\/rnoticias.com.mx\/Portal\/wp-content\/uploads\/2026\/03\/89.jpg","amp_enabled":true,"_links":{"self":[{"href":"https:\/\/rnoticias.com.mx\/Portal\/wp-json\/wp\/v2\/posts\/249367","targetHints":{"allow":["GET"]}}],"collection":[{"href":"https:\/\/rnoticias.com.mx\/Portal\/wp-json\/wp\/v2\/posts"}],"about":[{"href":"https:\/\/rnoticias.com.mx\/Portal\/wp-json\/wp\/v2\/types\/post"}],"author":[{"embeddable":true,"href":"https:\/\/rnoticias.com.mx\/Portal\/wp-json\/wp\/v2\/users\/2"}],"replies":[{"embeddable":true,"href":"https:\/\/rnoticias.com.mx\/Portal\/wp-json\/wp\/v2\/comments?post=249367"}],"version-history":[{"count":1,"href":"https:\/\/rnoticias.com.mx\/Portal\/wp-json\/wp\/v2\/posts\/249367\/revisions"}],"predecessor-version":[{"id":249369,"href":"https:\/\/rnoticias.com.mx\/Portal\/wp-json\/wp\/v2\/posts\/249367\/revisions\/249369"}],"wp:featuredmedia":[{"embeddable":true,"href":"https:\/\/rnoticias.com.mx\/Portal\/wp-json\/wp\/v2\/media\/249368"}],"wp:attachment":[{"href":"https:\/\/rnoticias.com.mx\/Portal\/wp-json\/wp\/v2\/media?parent=249367"}],"wp:term":[{"taxonomy":"category","embeddable":true,"href":"https:\/\/rnoticias.com.mx\/Portal\/wp-json\/wp\/v2\/categories?post=249367"},{"taxonomy":"post_tag","embeddable":true,"href":"https:\/\/rnoticias.com.mx\/Portal\/wp-json\/wp\/v2\/tags?post=249367"}],"curies":[{"name":"wp","href":"https:\/\/api.w.org\/{rel}","templated":true}]}}