{"id":249206,"date":"2026-03-16T15:30:39","date_gmt":"2026-03-16T22:30:39","guid":{"rendered":"https:\/\/rnoticias.com.mx\/Portal\/?p=249206"},"modified":"2026-03-16T15:30:39","modified_gmt":"2026-03-16T22:30:39","slug":"cura-fest-deja-derrama-millonaria-y-hoteles-llenos-en-hermosillo","status":"publish","type":"post","link":"https:\/\/rnoticias.com.mx\/Portal\/2026\/03\/16\/cura-fest-deja-derrama-millonaria-y-hoteles-llenos-en-hermosillo\/","title":{"rendered":"Cura Fest deja derrama millonaria y hoteles llenos en Hermosillo"},"content":{"rendered":"<p>Hermosillo, Sonora. El alcalde de Hermosillo, Antonio Astiazar\u00e1n, destac\u00f3 el \u00e9xito de La Cura Fest, evento que reuni\u00f3 a miles de personas y visitantes en la capital sonorense durante el fin de semana y que gener\u00f3 una derrama econ\u00f3mica superior a los 600 millones de pesos.<\/p>\n<p>&nbsp;<\/p>\n<p>El presidente municipal se\u00f1al\u00f3 que el festival se desarroll\u00f3 con saldo blanco y con una ocupaci\u00f3n hotelera del 100 por ciento, resultado del trabajo coordinado entre dependencias municipales y corporaciones de seguridad de los distintos niveles de gobierno.<\/p>\n<p>&nbsp;<\/p>\n<p>\u201cTodo un \u00e9xito La Cura Fest. Gracias a Car\u00edn Le\u00f3n y a todos los que participaron en la organizaci\u00f3n de este gran evento que reuni\u00f3 a miles de personas y visitantes en nuestra ciudad\u201d, expres\u00f3 el alcalde.<\/p>\n<p>&nbsp;<\/p>\n<p>Asimismo, reconoci\u00f3 la responsabilidad de las y los hermosillenses y el trabajo realizado por Polic\u00eda Municipal y Tr\u00e1nsito, Inspecci\u00f3n y Vigilancia, Protecci\u00f3n Civil y otras corporaciones de seguridad que participaron en el operativo para garantizar la tranquilidad durante las actividades.<\/p>\n<p>&nbsp;<\/p>\n<p>Por su parte, Francisco Garc\u00eda Karam, director de la Oficina de Convenciones y Visitantes (OCV Hermosillo), se\u00f1al\u00f3 que este \u00faltimo fin de semana, represent\u00f3 un momento hist\u00f3rico para la ciudad debido al gran movimiento tur\u00edstico generado por distintos eventos que coincidieron en la capital sonorense.<\/p>\n<p>&nbsp;<\/p>\n<p>Explic\u00f3 que adem\u00e1s del concierto masivo de Car\u00edn Le\u00f3n, Hermosillo fue sede de competencias deportivas, congresos y encuentros gastron\u00f3micos que atrajeron a miles de visitantes de distintas partes del pa\u00eds.<\/p>\n<p>&nbsp;<\/p>\n<p>\u201cHermosillo demostr\u00f3 tener la capacidad para albergar m\u00faltiples eventos al mismo tiempo\u201d, finaliz\u00f3.<\/p>\n<p>&nbsp;<\/p>\n<p>&nbsp;<\/p>\n<p>&nbsp;<\/p>\n<p>Cifra:<\/p>\n<p>Hermosillo cuenta con m\u00e1s de 50 hoteles que engloban poco m\u00e1s de 5 mil habitaciones.<\/p>\n","protected":false},"excerpt":{"rendered":"<p>Hermosillo, Sonora. El alcalde de Hermosillo, Antonio Astiazar\u00e1n, destac\u00f3 el \u00e9xito de La Cura Fest, evento que reuni\u00f3 a miles de personas y visitantes en la capital sonorense durante el fin de semana y que gener\u00f3 una derrama econ\u00f3mica superior a los 600 millones de pesos. &nbsp; El presidente municipal se\u00f1al\u00f3 que el festival se [&hellip;]<\/p>\n","protected":false},"author":2,"featured_media":249207,"comment_status":"closed","ping_status":"closed","sticky":false,"template":"","format":"standard","meta":{"footnotes":""},"categories":[12870,178],"tags":[12865,12869],"class_list":["post-249206","post","type-post","status-publish","format-standard","has-post-thumbnail","hentry","category-destacadas","category-local","tag-destacadas","tag-local"],"jetpack_featured_media_url":"https:\/\/rnoticias.com.mx\/Portal\/wp-content\/uploads\/2026\/03\/LACURA2026_0315_030302-3016_DAR-e1773662639299.jpg","amp_enabled":true,"_links":{"self":[{"href":"https:\/\/rnoticias.com.mx\/Portal\/wp-json\/wp\/v2\/posts\/249206","targetHints":{"allow":["GET"]}}],"collection":[{"href":"https:\/\/rnoticias.com.mx\/Portal\/wp-json\/wp\/v2\/posts"}],"about":[{"href":"https:\/\/rnoticias.com.mx\/Portal\/wp-json\/wp\/v2\/types\/post"}],"author":[{"embeddable":true,"href":"https:\/\/rnoticias.com.mx\/Portal\/wp-json\/wp\/v2\/users\/2"}],"replies":[{"embeddable":true,"href":"https:\/\/rnoticias.com.mx\/Portal\/wp-json\/wp\/v2\/comments?post=249206"}],"version-history":[{"count":2,"href":"https:\/\/rnoticias.com.mx\/Portal\/wp-json\/wp\/v2\/posts\/249206\/revisions"}],"predecessor-version":[{"id":249209,"href":"https:\/\/rnoticias.com.mx\/Portal\/wp-json\/wp\/v2\/posts\/249206\/revisions\/249209"}],"wp:featuredmedia":[{"embeddable":true,"href":"https:\/\/rnoticias.com.mx\/Portal\/wp-json\/wp\/v2\/media\/249207"}],"wp:attachment":[{"href":"https:\/\/rnoticias.com.mx\/Portal\/wp-json\/wp\/v2\/media?parent=249206"}],"wp:term":[{"taxonomy":"category","embeddable":true,"href":"https:\/\/rnoticias.com.mx\/Portal\/wp-json\/wp\/v2\/categories?post=249206"},{"taxonomy":"post_tag","embeddable":true,"href":"https:\/\/rnoticias.com.mx\/Portal\/wp-json\/wp\/v2\/tags?post=249206"}],"curies":[{"name":"wp","href":"https:\/\/api.w.org\/{rel}","templated":true}]}}