{"id":249200,"date":"2026-03-16T13:18:34","date_gmt":"2026-03-16T20:18:34","guid":{"rendered":"https:\/\/rnoticias.com.mx\/Portal\/?p=249200"},"modified":"2026-03-16T13:18:34","modified_gmt":"2026-03-16T20:18:34","slug":"captura-amic-y-sspc-en-hermosillo-a-joven-senalado-por-tentativa-de-homicidio","status":"publish","type":"post","link":"https:\/\/rnoticias.com.mx\/Portal\/2026\/03\/16\/captura-amic-y-sspc-en-hermosillo-a-joven-senalado-por-tentativa-de-homicidio\/","title":{"rendered":"Captura AMIC y SSPC en Hermosillo a joven se\u00f1alado por tentativa de homicidio"},"content":{"rendered":"<p>Hermosillo, Sonora, 16 de marzo de 2026.- En un operativo coordinado entre la Agencia Ministerial de Investigaci\u00f3n Criminal (AMIC) y la Secretar\u00eda de Seguridad y Protecci\u00f3n Ciudadana (SSPC), fue capturado en Hermosillo \u00c1ngel Gerardo \u201cN\u201d, de 19 a\u00f1os, por su probable responsabilidad en el delito de tentativa de homicidio calificado con premeditaci\u00f3n, alevos\u00eda y ventaja, cometido en perjuicio de un hombre.<\/p>\n<p>La detenci\u00f3n, con base a una orden de aprehensi\u00f3n, se llev\u00f3 a cabo en la calle Sierra Monte del Ajusco, en la colonia Solidaridad, donde los agentes localizaron al imputado y cumplimentaron el mandamiento judicial correspondiente.<\/p>\n<p>De acuerdo con las investigaciones, los hechos ocurrieron el 14 de agosto de 2025, en un terreno ubicado en la colonia Tierra y Libertad, cuando la v\u00edctima atendi\u00f3 el llamado en su domicilio y fue agredida por uno de dos sujetos que tocaron a su puerta.<\/p>\n<p>Durante el ataque, la v\u00edctima fue lesionada con un arma blanca y posteriormente golpeado en la cabeza con un marro, para despu\u00e9s los agresores huir del lugar a bordo de una motocicleta con rumbo desconocido.<\/p>\n<p>Derivado de las diligencias ministeriales y actos de investigaci\u00f3n realizados, se logr\u00f3 establecer la probable participaci\u00f3n de \u00c1ngel Gerardo \u201cN\u201d, por lo que un Juez emiti\u00f3 la orden de aprehensi\u00f3n correspondiente, misma que fue ejecutada por los agentes investigadores.<\/p>\n<p>La Fiscal\u00eda General de Justicia del Estado de Sonora (FGJES) reafirma su compromiso de investigar y perseguir los delitos que atenten contra la vida y la integridad de las personas, mediante acciones coordinadas entre corporaciones de seguridad.<\/p>\n","protected":false},"excerpt":{"rendered":"<p>Hermosillo, Sonora, 16 de marzo de 2026.- En un operativo coordinado entre la Agencia Ministerial de Investigaci\u00f3n Criminal (AMIC) y la Secretar\u00eda de Seguridad y Protecci\u00f3n Ciudadana (SSPC), fue capturado en Hermosillo \u00c1ngel Gerardo \u201cN\u201d, de 19 a\u00f1os, por su probable responsabilidad en el delito de tentativa de homicidio calificado con premeditaci\u00f3n, alevos\u00eda y ventaja, [&hellip;]<\/p>\n","protected":false},"author":2,"featured_media":249201,"comment_status":"closed","ping_status":"closed","sticky":false,"template":"","format":"standard","meta":{"footnotes":""},"categories":[12870,178],"tags":[12865,12869],"class_list":["post-249200","post","type-post","status-publish","format-standard","has-post-thumbnail","hentry","category-destacadas","category-local","tag-destacadas","tag-local"],"jetpack_featured_media_url":"https:\/\/rnoticias.com.mx\/Portal\/wp-content\/uploads\/2026\/03\/homi.jpg","amp_enabled":true,"_links":{"self":[{"href":"https:\/\/rnoticias.com.mx\/Portal\/wp-json\/wp\/v2\/posts\/249200","targetHints":{"allow":["GET"]}}],"collection":[{"href":"https:\/\/rnoticias.com.mx\/Portal\/wp-json\/wp\/v2\/posts"}],"about":[{"href":"https:\/\/rnoticias.com.mx\/Portal\/wp-json\/wp\/v2\/types\/post"}],"author":[{"embeddable":true,"href":"https:\/\/rnoticias.com.mx\/Portal\/wp-json\/wp\/v2\/users\/2"}],"replies":[{"embeddable":true,"href":"https:\/\/rnoticias.com.mx\/Portal\/wp-json\/wp\/v2\/comments?post=249200"}],"version-history":[{"count":1,"href":"https:\/\/rnoticias.com.mx\/Portal\/wp-json\/wp\/v2\/posts\/249200\/revisions"}],"predecessor-version":[{"id":249202,"href":"https:\/\/rnoticias.com.mx\/Portal\/wp-json\/wp\/v2\/posts\/249200\/revisions\/249202"}],"wp:featuredmedia":[{"embeddable":true,"href":"https:\/\/rnoticias.com.mx\/Portal\/wp-json\/wp\/v2\/media\/249201"}],"wp:attachment":[{"href":"https:\/\/rnoticias.com.mx\/Portal\/wp-json\/wp\/v2\/media?parent=249200"}],"wp:term":[{"taxonomy":"category","embeddable":true,"href":"https:\/\/rnoticias.com.mx\/Portal\/wp-json\/wp\/v2\/categories?post=249200"},{"taxonomy":"post_tag","embeddable":true,"href":"https:\/\/rnoticias.com.mx\/Portal\/wp-json\/wp\/v2\/tags?post=249200"}],"curies":[{"name":"wp","href":"https:\/\/api.w.org\/{rel}","templated":true}]}}