{"id":249188,"date":"2026-03-16T12:29:28","date_gmt":"2026-03-16T19:29:28","guid":{"rendered":"https:\/\/rnoticias.com.mx\/Portal\/?p=249188"},"modified":"2026-03-16T12:29:28","modified_gmt":"2026-03-16T19:29:28","slug":"restricciones-en-relleno-sanitario-retrasan-descarga-de-basura","status":"publish","type":"post","link":"https:\/\/rnoticias.com.mx\/Portal\/2026\/03\/16\/restricciones-en-relleno-sanitario-retrasan-descarga-de-basura\/","title":{"rendered":"Restricciones en relleno sanitario retrasan descarga de basura"},"content":{"rendered":"<p>Hermosillo, Sonora. Trabajadores de Servicios P\u00fablicos Municipales de Hermosillo han enfrentado retrasos para descargar residuos en el relleno sanitario de la ciudad, luego de que en diversas ocasiones se les negara el acceso por parte de la empresa concesionaria del sitio.<\/p>\n<p>&nbsp;<\/p>\n<p>El dirigente sindical Salvador D\u00edaz, explic\u00f3 que durante el \u00faltimo a\u00f1o los camiones recolectores han sido detenidos en repetidas ocasiones por personal de la empresa TecMed, incluso por periodos que llegan a superar las cuatro horas.<\/p>\n<p>&nbsp;<\/p>\n<p>\u201cEsta situaci\u00f3n ha provocado largas filas de unidades en espera para poder ingresar y depositar los residuos dom\u00e9sticos, lo que retrasa las labores de recolecci\u00f3n y genera complicaciones en la operaci\u00f3n del servicio p\u00fablico\u201d, inform\u00f3.<\/p>\n<p>&nbsp;<\/p>\n<p>De acuerdo con el l\u00edder sindical, el problema podr\u00eda estar relacionado con un adeudo millonario que el Ayuntamiento mantiene con la concesionaria desde administraciones anteriores. Tras la intervenci\u00f3n del sindicato, se permiti\u00f3 nuevamente el ingreso de los camiones al relleno sanitario.<\/p>\n","protected":false},"excerpt":{"rendered":"<p>Hermosillo, Sonora. Trabajadores de Servicios P\u00fablicos Municipales de Hermosillo han enfrentado retrasos para descargar residuos en el relleno sanitario de la ciudad, luego de que en diversas ocasiones se les negara el acceso por parte de la empresa concesionaria del sitio. &nbsp; El dirigente sindical Salvador D\u00edaz, explic\u00f3 que durante el \u00faltimo a\u00f1o los camiones [&hellip;]<\/p>\n","protected":false},"author":2,"featured_media":249189,"comment_status":"closed","ping_status":"closed","sticky":false,"template":"","format":"standard","meta":{"footnotes":""},"categories":[12870,178],"tags":[12865,12869],"class_list":["post-249188","post","type-post","status-publish","format-standard","has-post-thumbnail","hentry","category-destacadas","category-local","tag-destacadas","tag-local"],"jetpack_featured_media_url":"https:\/\/rnoticias.com.mx\/Portal\/wp-content\/uploads\/2026\/03\/relleno-19102018ej-02.jpg","amp_enabled":true,"_links":{"self":[{"href":"https:\/\/rnoticias.com.mx\/Portal\/wp-json\/wp\/v2\/posts\/249188","targetHints":{"allow":["GET"]}}],"collection":[{"href":"https:\/\/rnoticias.com.mx\/Portal\/wp-json\/wp\/v2\/posts"}],"about":[{"href":"https:\/\/rnoticias.com.mx\/Portal\/wp-json\/wp\/v2\/types\/post"}],"author":[{"embeddable":true,"href":"https:\/\/rnoticias.com.mx\/Portal\/wp-json\/wp\/v2\/users\/2"}],"replies":[{"embeddable":true,"href":"https:\/\/rnoticias.com.mx\/Portal\/wp-json\/wp\/v2\/comments?post=249188"}],"version-history":[{"count":1,"href":"https:\/\/rnoticias.com.mx\/Portal\/wp-json\/wp\/v2\/posts\/249188\/revisions"}],"predecessor-version":[{"id":249190,"href":"https:\/\/rnoticias.com.mx\/Portal\/wp-json\/wp\/v2\/posts\/249188\/revisions\/249190"}],"wp:featuredmedia":[{"embeddable":true,"href":"https:\/\/rnoticias.com.mx\/Portal\/wp-json\/wp\/v2\/media\/249189"}],"wp:attachment":[{"href":"https:\/\/rnoticias.com.mx\/Portal\/wp-json\/wp\/v2\/media?parent=249188"}],"wp:term":[{"taxonomy":"category","embeddable":true,"href":"https:\/\/rnoticias.com.mx\/Portal\/wp-json\/wp\/v2\/categories?post=249188"},{"taxonomy":"post_tag","embeddable":true,"href":"https:\/\/rnoticias.com.mx\/Portal\/wp-json\/wp\/v2\/tags?post=249188"}],"curies":[{"name":"wp","href":"https:\/\/api.w.org\/{rel}","templated":true}]}}