{"id":249170,"date":"2026-03-16T09:58:01","date_gmt":"2026-03-16T16:58:01","guid":{"rendered":"https:\/\/rnoticias.com.mx\/Portal\/?p=249170"},"modified":"2026-03-16T09:58:01","modified_gmt":"2026-03-16T16:58:01","slug":"juanes-y-su-camisa-negra-conquistan-el-vive-latino-en-cdmx","status":"publish","type":"post","link":"https:\/\/rnoticias.com.mx\/Portal\/2026\/03\/16\/juanes-y-su-camisa-negra-conquistan-el-vive-latino-en-cdmx\/","title":{"rendered":"Juanes y su &#8216;Camisa negra&#8217; conquistan el Vive Latino en CDMX"},"content":{"rendered":"<p>La actuaci\u00f3n del cantante\u00a0<strong>Juanes<\/strong>\u00a0se convirti\u00f3 en un broche de oro de la edici\u00f3n XXVI\u00a0<strong>festival musical Vive Latino<\/strong>, que comenz\u00f3 este s\u00e1bado en\u00a0<strong>Ciudad de M\u00e9xico<\/strong>\u00a0y estuvo marcado por la reivindicaci\u00f3n de la identidad y la\u00a0<strong>m\u00fasica latina<\/strong>.<\/p>\n<p>El colombiano irrumpi\u00f3 al escenario, desatando el fervor de un p\u00fablico entregado desde el principio. Tal era la expectativa, que no cab\u00eda un alma en el escenario del\u00a0<strong>Estadio GNP Seguros<\/strong>, con largas filas desde horas antes del inicio.<\/p>\n<p>Ya desde el comienzo, Juanes contagi\u00f3 su energ\u00eda al p\u00fablico, con temas como &#8216;La camisa negra&#8217;, de los m\u00e1s aplaudidos, &#8216;Fuego&#8217; o &#8216;Me enamora&#8217;. Juanes coron\u00f3 el primer d\u00eda del Vive Latino, que cumplir\u00e1 este domingo su jornada de cierre.<\/p>\n<p>La actuaci\u00f3n de Juanes se sumar\u00e1 a muchas otras de este festival, entre las que destacan la de\u00a0<strong>Enanitos Verdes<\/strong>\u00a0y\u00a0<strong>los Fabulosos Cadillacs<\/strong>, exponentes del rock argentino.<\/p>\n<p>En cada edici\u00f3n, el Vive Latino re\u00fane a m\u00e1s de 150 mil asistentes en los dos d\u00edas y su cartel celebra la m\u00fasica en espa\u00f1ol, aunque tambi\u00e9n abre espacio al\u00a0<strong>rock<\/strong>\u00a0en ingl\u00e9s como parte de su fiesta anual.<\/p>\n<p>El festival ha sido semillero de algunas de las bandas m\u00e1s ic\u00f3nicas del g\u00e9nero en\u00a0<strong>Am\u00e9rica Latina<\/strong>, como\u00a0<strong>Caf\u00e9 Tacvba<\/strong>,\u00a0<strong>Caifanes<\/strong>\u00a0o\u00a0<strong>Gustavo Cerati<\/strong>.<\/p>\n","protected":false},"excerpt":{"rendered":"<p>La actuaci\u00f3n del cantante\u00a0Juanes\u00a0se convirti\u00f3 en un broche de oro de la edici\u00f3n XXVI\u00a0festival musical Vive Latino, que comenz\u00f3 este s\u00e1bado en\u00a0Ciudad de M\u00e9xico\u00a0y estuvo marcado por la reivindicaci\u00f3n de la identidad y la\u00a0m\u00fasica latina. El colombiano irrumpi\u00f3 al escenario, desatando el fervor de un p\u00fablico entregado desde el principio. Tal era la expectativa, que [&hellip;]<\/p>\n","protected":false},"author":2,"featured_media":249171,"comment_status":"closed","ping_status":"closed","sticky":false,"template":"","format":"standard","meta":{"footnotes":""},"categories":[12870,219],"tags":[12865,12875],"class_list":["post-249170","post","type-post","status-publish","format-standard","has-post-thumbnail","hentry","category-destacadas","category-espectaculos","tag-destacadas","tag-espectaculos"],"jetpack_featured_media_url":"https:\/\/rnoticias.com.mx\/Portal\/wp-content\/uploads\/2026\/03\/002.jpg","amp_enabled":true,"_links":{"self":[{"href":"https:\/\/rnoticias.com.mx\/Portal\/wp-json\/wp\/v2\/posts\/249170","targetHints":{"allow":["GET"]}}],"collection":[{"href":"https:\/\/rnoticias.com.mx\/Portal\/wp-json\/wp\/v2\/posts"}],"about":[{"href":"https:\/\/rnoticias.com.mx\/Portal\/wp-json\/wp\/v2\/types\/post"}],"author":[{"embeddable":true,"href":"https:\/\/rnoticias.com.mx\/Portal\/wp-json\/wp\/v2\/users\/2"}],"replies":[{"embeddable":true,"href":"https:\/\/rnoticias.com.mx\/Portal\/wp-json\/wp\/v2\/comments?post=249170"}],"version-history":[{"count":1,"href":"https:\/\/rnoticias.com.mx\/Portal\/wp-json\/wp\/v2\/posts\/249170\/revisions"}],"predecessor-version":[{"id":249172,"href":"https:\/\/rnoticias.com.mx\/Portal\/wp-json\/wp\/v2\/posts\/249170\/revisions\/249172"}],"wp:featuredmedia":[{"embeddable":true,"href":"https:\/\/rnoticias.com.mx\/Portal\/wp-json\/wp\/v2\/media\/249171"}],"wp:attachment":[{"href":"https:\/\/rnoticias.com.mx\/Portal\/wp-json\/wp\/v2\/media?parent=249170"}],"wp:term":[{"taxonomy":"category","embeddable":true,"href":"https:\/\/rnoticias.com.mx\/Portal\/wp-json\/wp\/v2\/categories?post=249170"},{"taxonomy":"post_tag","embeddable":true,"href":"https:\/\/rnoticias.com.mx\/Portal\/wp-json\/wp\/v2\/tags?post=249170"}],"curies":[{"name":"wp","href":"https:\/\/api.w.org\/{rel}","templated":true}]}}