{"id":249167,"date":"2026-03-16T09:43:17","date_gmt":"2026-03-16T16:43:17","guid":{"rendered":"https:\/\/rnoticias.com.mx\/Portal\/?p=249167"},"modified":"2026-03-16T09:43:17","modified_gmt":"2026-03-16T16:43:17","slug":"nodal-demanda-a-cazzu-para-controlar-contenido-sobre-inti-en-redes-sociales","status":"publish","type":"post","link":"https:\/\/rnoticias.com.mx\/Portal\/2026\/03\/16\/nodal-demanda-a-cazzu-para-controlar-contenido-sobre-inti-en-redes-sociales\/","title":{"rendered":"Nodal demanda a Cazzu para controlar contenido sobre Inti en redes sociales"},"content":{"rendered":"<p data-end=\"522\" data-start=\"124\">El cantante de regional mexicano,\u00a0<strong data-end=\"177\" data-start=\"158\">Christian Nodal<\/strong>, habl\u00f3 recientemente sobre los planes que tiene para el futuro de su hija\u00a0<strong data-end=\"260\" data-start=\"252\">Inti<\/strong>, fruto de su relaci\u00f3n con Julieta Cazzuchelli.<\/p>\n<p data-end=\"522\" data-start=\"124\">En un breve encuentro con la prensa, el int\u00e9rprete de \u00e9xitos como\u00a0<strong><em data-end=\"389\" data-start=\"374\">Cazzualidades<\/em>\u00a0y\u00a0<em data-end=\"416\" data-start=\"392\">Ya no somos ni seremos<\/em><\/strong>\u00a0explic\u00f3 la situaci\u00f3n legal que mantiene con la madre de su hija, quien actualmente reside en Argentina.<\/p>\n<h3 data-end=\"562\" data-section-id=\"d4l206\" data-start=\"524\">Demanda y protecci\u00f3n de la menor<\/h3>\n<p data-end=\"938\" data-start=\"564\">Nodal aclar\u00f3 que su prioridad es\u00a0<strong data-end=\"631\" data-start=\"597\">proteger la privacidad de Inti<\/strong>\u00a0y evitar que siga siendo expuesta en redes sociales, aunque no profundiz\u00f3 en los detalles de la demanda contra Cazzu. Seg\u00fan el cantante, su intenci\u00f3n es ceder en ciertos aspectos para garantizar el bienestar de su hija y permitir que, cuando cumpla la mayor\u00eda de edad, pueda tomar sus propias decisiones.<\/p>\n<p data-end=\"995\" data-start=\"940\">Entre los puntos m\u00e1s relevantes de sus declaraciones:<\/p>\n<ul data-end=\"1256\" data-start=\"996\">\n<li data-end=\"1100\" data-section-id=\"1ghyr2k\" data-start=\"996\">\n<p data-end=\"1100\" data-start=\"998\">La demanda presentada por Nodal busca\u00a0<strong data-end=\"1097\" data-start=\"1036\">que Cazzu deje de mostrar a Inti en plataformas digitales<\/strong>.<\/p>\n<\/li>\n<li data-end=\"1256\" data-section-id=\"1ghqun9\" data-start=\"1101\">\n<p data-end=\"1256\" data-start=\"1103\">El cantante asegura que\u00a0<strong data-end=\"1166\" data-start=\"1127\">respetar\u00e1 las decisiones de su hija<\/strong>\u00a0cuando sea mayor, y que su apoyo ser\u00e1 total hacia lo que ella decida hacer con su vida.<\/p>\n<\/li>\n<\/ul>\n<blockquote id=\"v78384448679242960\" class=\"tiktok-embed\" cite=\"https:\/\/www.tiktok.com\/@saleelsoltv\/video\/7617473728032738578\" data-video-id=\"7617473728032738578\"><\/blockquote>\n<p data-end=\"1577\" data-start=\"1258\">Estas declaraciones surgen despu\u00e9s de que<strong>\u00a0Cazzu<\/strong>\u00a0revelara en un podcast que Inti ha mostrado inter\u00e9s en seguir los pasos de su madre en la m\u00fasica, algo que considera normal dada su crianza en la industria.<strong>\u00a0Nodal<\/strong>\u00a0insisti\u00f3 en que el objetivo principal de su acci\u00f3n legal es proteger a la ni\u00f1a de la exposici\u00f3n medi\u00e1tica.<\/p>\n<p data-end=\"1875\" data-start=\"1579\">La audiencia reaccion\u00f3 r\u00e1pidamente a las palabras del cantante, y muchos\u00a0<strong>usuarios de redes sociales manifestaron su desacuerdo<\/strong>, calificando la medida como innecesaria o fuera de lugar, especialmente considerando que el int\u00e9rprete supuestamente no participa activamente en la crianza de su hija.<\/p>\n<p data-end=\"1875\" data-start=\"1579\">\n<p data-end=\"1875\" data-start=\"1579\">Fuente: Milenio Noticias<\/p>\n","protected":false},"excerpt":{"rendered":"<p>El cantante de regional mexicano,\u00a0Christian Nodal, habl\u00f3 recientemente sobre los planes que tiene para el futuro de su hija\u00a0Inti, fruto de su relaci\u00f3n con Julieta Cazzuchelli. En un breve encuentro con la prensa, el int\u00e9rprete de \u00e9xitos como\u00a0Cazzualidades\u00a0y\u00a0Ya no somos ni seremos\u00a0explic\u00f3 la situaci\u00f3n legal que mantiene con la madre de su hija, quien actualmente [&hellip;]<\/p>\n","protected":false},"author":2,"featured_media":249168,"comment_status":"closed","ping_status":"closed","sticky":false,"template":"","format":"standard","meta":{"footnotes":""},"categories":[12870,219],"tags":[12865,12875],"class_list":["post-249167","post","type-post","status-publish","format-standard","has-post-thumbnail","hentry","category-destacadas","category-espectaculos","tag-destacadas","tag-espectaculos"],"jetpack_featured_media_url":"https:\/\/rnoticias.com.mx\/Portal\/wp-content\/uploads\/2026\/03\/cazzu-revela-gano-custodia-hija.jpg","amp_enabled":true,"_links":{"self":[{"href":"https:\/\/rnoticias.com.mx\/Portal\/wp-json\/wp\/v2\/posts\/249167","targetHints":{"allow":["GET"]}}],"collection":[{"href":"https:\/\/rnoticias.com.mx\/Portal\/wp-json\/wp\/v2\/posts"}],"about":[{"href":"https:\/\/rnoticias.com.mx\/Portal\/wp-json\/wp\/v2\/types\/post"}],"author":[{"embeddable":true,"href":"https:\/\/rnoticias.com.mx\/Portal\/wp-json\/wp\/v2\/users\/2"}],"replies":[{"embeddable":true,"href":"https:\/\/rnoticias.com.mx\/Portal\/wp-json\/wp\/v2\/comments?post=249167"}],"version-history":[{"count":1,"href":"https:\/\/rnoticias.com.mx\/Portal\/wp-json\/wp\/v2\/posts\/249167\/revisions"}],"predecessor-version":[{"id":249169,"href":"https:\/\/rnoticias.com.mx\/Portal\/wp-json\/wp\/v2\/posts\/249167\/revisions\/249169"}],"wp:featuredmedia":[{"embeddable":true,"href":"https:\/\/rnoticias.com.mx\/Portal\/wp-json\/wp\/v2\/media\/249168"}],"wp:attachment":[{"href":"https:\/\/rnoticias.com.mx\/Portal\/wp-json\/wp\/v2\/media?parent=249167"}],"wp:term":[{"taxonomy":"category","embeddable":true,"href":"https:\/\/rnoticias.com.mx\/Portal\/wp-json\/wp\/v2\/categories?post=249167"},{"taxonomy":"post_tag","embeddable":true,"href":"https:\/\/rnoticias.com.mx\/Portal\/wp-json\/wp\/v2\/tags?post=249167"}],"curies":[{"name":"wp","href":"https:\/\/api.w.org\/{rel}","templated":true}]}}