{"id":249164,"date":"2026-03-16T09:41:43","date_gmt":"2026-03-16T16:41:43","guid":{"rendered":"https:\/\/rnoticias.com.mx\/Portal\/?p=249164"},"modified":"2026-03-16T09:41:43","modified_gmt":"2026-03-16T16:41:43","slug":"claudia-sheinbaum-no-renunciara-a-su-reforma-electoral-pese-a-respaldo-al-plan-b","status":"publish","type":"post","link":"https:\/\/rnoticias.com.mx\/Portal\/2026\/03\/16\/claudia-sheinbaum-no-renunciara-a-su-reforma-electoral-pese-a-respaldo-al-plan-b\/","title":{"rendered":"Claudia Sheinbaum no renunciar\u00e1 a su Reforma Electoral pese a respaldo al Plan B"},"content":{"rendered":"<p>La\u00a0<strong>presidenta Claudia Sheinbaum<\/strong>\u00a0reconoci\u00f3 este lunes el apoyo a su\u00a0<strong>Plan B<\/strong>\u00a0de la\u00a0<strong>reforma electoral<\/strong>\u00a0por parte de los\u00a0<strong>partidos aliados de Morena<\/strong>, luego de que la iniciativa fuera rechazada por los diputados.<\/p>\n<p>No obstante, asegur\u00f3 que su gobierno seguir\u00e1 insistiendo en impulsar la reforma, insistiendo en que se debe disminuir los \u201c<strong>privilegios<\/strong>\u201d que existen en el \u00e1mbito electoral, as\u00ed como fortalecer la participaci\u00f3n ciudadana en\u00a0<strong>consultas populares<\/strong>.<\/p>\n<p>Asegur\u00f3 que el Plan B permitir\u00eda reorientar los recursos de los\u00a0<strong>Congresos locales<\/strong>\u00a0y disminuir la\u00a0<strong>cantidad de regidores<\/strong>, para que \u201cel dinero se quede en los municipios para destinarse en\u00a0<strong>obras p\u00fablicas<\/strong>\u201d.<\/p>\n<p>A\u00fan con el consenso con el\u00a0<strong>Partido del Trabajo<\/strong>\u00a0(PT) y\u00a0<strong>Partido Verde<\/strong>\u00a0(PVEM) para respaldar el actual plan, Sheinbaum afirm\u00f3 que \u201cno se quitar\u00e1 el dedo del rengl\u00f3n\u201d ante la reforma electoral, y la postura de disminuir los recursos a todos los partidos y elecci\u00f3n de todos los diputados, porque, se\u00f1ala, ha sido una petici\u00f3n de la poblaci\u00f3n.<\/p>\n<p>\u201cAhora a lo mejor no se puede, pero, despu\u00e9s a lo mejor s\u00ed\u201d, refiri\u00f3.<\/p>\n<p>Sheinbaum confirm\u00f3 que ma\u00f1ana martes enviar\u00e1 al\u00a0<strong>Congreso<\/strong>\u00a0su Plan B, mintras que hoy revisar\u00e1 la redacci\u00f3n del mismo junto con la secretaria de Gobernaci\u00f3n,\u00a0<strong>Rosa Icela Rodr\u00edguez<\/strong>.<\/p>\n<p>&nbsp;<\/p>\n<p>Fuente: gobierno de M\u00e9xico<\/p>\n","protected":false},"excerpt":{"rendered":"<p>La\u00a0presidenta Claudia Sheinbaum\u00a0reconoci\u00f3 este lunes el apoyo a su\u00a0Plan B\u00a0de la\u00a0reforma electoral\u00a0por parte de los\u00a0partidos aliados de Morena, luego de que la iniciativa fuera rechazada por los diputados. No obstante, asegur\u00f3 que su gobierno seguir\u00e1 insistiendo en impulsar la reforma, insistiendo en que se debe disminuir los \u201cprivilegios\u201d que existen en el \u00e1mbito electoral, as\u00ed [&hellip;]<\/p>\n","protected":false},"author":2,"featured_media":249165,"comment_status":"closed","ping_status":"closed","sticky":false,"template":"","format":"standard","meta":{"footnotes":""},"categories":[12870,12868],"tags":[12865,12879],"class_list":["post-249164","post","type-post","status-publish","format-standard","has-post-thumbnail","hentry","category-destacadas","category-politica","tag-destacadas","tag-politica"],"jetpack_featured_media_url":"https:\/\/rnoticias.com.mx\/Portal\/wp-content\/uploads\/2026\/03\/99c7c5a8c1af01b208dd75b2e649ea36.webp","amp_enabled":true,"_links":{"self":[{"href":"https:\/\/rnoticias.com.mx\/Portal\/wp-json\/wp\/v2\/posts\/249164","targetHints":{"allow":["GET"]}}],"collection":[{"href":"https:\/\/rnoticias.com.mx\/Portal\/wp-json\/wp\/v2\/posts"}],"about":[{"href":"https:\/\/rnoticias.com.mx\/Portal\/wp-json\/wp\/v2\/types\/post"}],"author":[{"embeddable":true,"href":"https:\/\/rnoticias.com.mx\/Portal\/wp-json\/wp\/v2\/users\/2"}],"replies":[{"embeddable":true,"href":"https:\/\/rnoticias.com.mx\/Portal\/wp-json\/wp\/v2\/comments?post=249164"}],"version-history":[{"count":1,"href":"https:\/\/rnoticias.com.mx\/Portal\/wp-json\/wp\/v2\/posts\/249164\/revisions"}],"predecessor-version":[{"id":249166,"href":"https:\/\/rnoticias.com.mx\/Portal\/wp-json\/wp\/v2\/posts\/249164\/revisions\/249166"}],"wp:featuredmedia":[{"embeddable":true,"href":"https:\/\/rnoticias.com.mx\/Portal\/wp-json\/wp\/v2\/media\/249165"}],"wp:attachment":[{"href":"https:\/\/rnoticias.com.mx\/Portal\/wp-json\/wp\/v2\/media?parent=249164"}],"wp:term":[{"taxonomy":"category","embeddable":true,"href":"https:\/\/rnoticias.com.mx\/Portal\/wp-json\/wp\/v2\/categories?post=249164"},{"taxonomy":"post_tag","embeddable":true,"href":"https:\/\/rnoticias.com.mx\/Portal\/wp-json\/wp\/v2\/tags?post=249164"}],"curies":[{"name":"wp","href":"https:\/\/api.w.org\/{rel}","templated":true}]}}