{"id":249155,"date":"2026-03-16T09:31:13","date_gmt":"2026-03-16T16:31:13","guid":{"rendered":"https:\/\/rnoticias.com.mx\/Portal\/?p=249155"},"modified":"2026-03-16T09:31:13","modified_gmt":"2026-03-16T16:31:13","slug":"netanyahu-se-burla-de-versiones-de-su-muerte-en-redes-sociales","status":"publish","type":"post","link":"https:\/\/rnoticias.com.mx\/Portal\/2026\/03\/16\/netanyahu-se-burla-de-versiones-de-su-muerte-en-redes-sociales\/","title":{"rendered":"Netanyahu se burla de versiones de su muerte en redes sociales"},"content":{"rendered":"<p>El primer ministro israel\u00ed Benjamin Netanyahu public\u00f3 un video en sus redes sociales, donde se burl\u00f3 de las versiones surgidas en redes sociales sobre su posible fallecimiento en un ataque iran\u00ed contra Israel.<\/p>\n<p><strong><em>\u201cMe muero de ganas de caf\u00e9\u201d,<\/em><\/strong>\u00a0dijo con sarcasmo en su cuenta oficial de X, usando una frase coloquial hebrea que significa amar a muerte. En el video aparece en una cafeter\u00eda a las afueras de Jerusal\u00e9n.\u00a0<strong><em>\u201cQue dicen que estoy qu\u00e9?<\/em><\/strong>, a\u00f1adi\u00f3, sobre las alusiones a su supuesta muerte.<\/p>\n<p>Para que quedara claro que no se trataba de un video realizado con inteligencia artificial (IA), Netanyahu mostr\u00f3 los cinco dedos de ambas manos.\u00a0<strong>\u201c\u00bfQuieren contar el n\u00famero de dedos?\u201d.<\/strong>\u00a0Tras su \u00faltimo discurso televisado, se viraliz\u00f3 en redes que hab\u00eda sido realizado con IA, y como prueba, usuarios se\u00f1alaban que Netanyahu parec\u00eda tener seis dedos.<\/p>\n<div id=\"eldia-36059715\" class=\"eldia-contenido eldia-target\" data-eldia-trackid=\"1573641\" data-eldia-trackbid=\"1\"><\/div>\n<div id=\"eldia-1818067150\" class=\"eldia-contenido-3 eldia-target\" data-eldia-trackid=\"1863715\" data-eldia-trackbid=\"1\"><\/div>\n<p>Las manos hacia la c\u00e1mara y pregunt\u00f3:<strong><em>\u00a0\u201c\u00bfQuieren contar el n\u00famero de dedos?\u201d,\u00a0<\/em><\/strong>esto sobre las especulaciones en las redes sociales de que su \u00faltimo discurso televisado fue generado por IA, ya que parec\u00eda tener seis dedos en una mano.<\/p>\n<p><strong><em>\u201cSu apoyo es incre\u00edble; nos fortalece a m\u00ed, al gobierno y a las Fuerzas de Defensa de Israel. Estamos llevando a cabo operaciones que no puedo compartir ahora, pero tambi\u00e9n estamos realizando operaciones muy importantes en Ir\u00e1n y L\u00edbano\u201d<\/em><\/strong>, afirm\u00f3 Netanyahu en el video de este domingo.<\/p>\n<p>El mensaje de video de Netanyahu se produce luego de que la Guardia Revolucionaria iran\u00ed (IRGC) amenazara con matar al primer ministro israel\u00ed.<\/p>\n<p><strong><em>\u201cLa Guardia Revolucionaria iran\u00ed promete perseguir sin descanso y matar al \u2018asesino de ni\u00f1os\u2019 Netanyahu si sigue vivo\u201d<\/em><\/strong>, inform\u00f3 la agencia de noticias iran\u00ed IRNA en una publicaci\u00f3n en X.<\/p>\n<p>Adem\u00e1s, la IRGC anunci\u00f3 el uso, por primera vez, del misil bal\u00edstico de combustible s\u00f3lido Sejil en una nueva oleada de ataques contra objetivos militares, centros de gesti\u00f3n a\u00e9rea y concentraciones de tropas en Israel, seg\u00fan un comunicado difundido por la agencia Mehr.<\/p>\n","protected":false},"excerpt":{"rendered":"<p>El primer ministro israel\u00ed Benjamin Netanyahu public\u00f3 un video en sus redes sociales, donde se burl\u00f3 de las versiones surgidas en redes sociales sobre su posible fallecimiento en un ataque iran\u00ed contra Israel. \u201cMe muero de ganas de caf\u00e9\u201d,\u00a0dijo con sarcasmo en su cuenta oficial de X, usando una frase coloquial hebrea que significa amar [&hellip;]<\/p>\n","protected":false},"author":2,"featured_media":249156,"comment_status":"closed","ping_status":"closed","sticky":false,"template":"","format":"standard","meta":{"footnotes":""},"categories":[12870,182],"tags":[12865,12871],"class_list":["post-249155","post","type-post","status-publish","format-standard","has-post-thumbnail","hentry","category-destacadas","category-internacional","tag-destacadas","tag-internacional"],"jetpack_featured_media_url":"https:\/\/rnoticias.com.mx\/Portal\/wp-content\/uploads\/2026\/03\/Netanyahu-video-il-600x315-1.webp","amp_enabled":true,"_links":{"self":[{"href":"https:\/\/rnoticias.com.mx\/Portal\/wp-json\/wp\/v2\/posts\/249155","targetHints":{"allow":["GET"]}}],"collection":[{"href":"https:\/\/rnoticias.com.mx\/Portal\/wp-json\/wp\/v2\/posts"}],"about":[{"href":"https:\/\/rnoticias.com.mx\/Portal\/wp-json\/wp\/v2\/types\/post"}],"author":[{"embeddable":true,"href":"https:\/\/rnoticias.com.mx\/Portal\/wp-json\/wp\/v2\/users\/2"}],"replies":[{"embeddable":true,"href":"https:\/\/rnoticias.com.mx\/Portal\/wp-json\/wp\/v2\/comments?post=249155"}],"version-history":[{"count":1,"href":"https:\/\/rnoticias.com.mx\/Portal\/wp-json\/wp\/v2\/posts\/249155\/revisions"}],"predecessor-version":[{"id":249157,"href":"https:\/\/rnoticias.com.mx\/Portal\/wp-json\/wp\/v2\/posts\/249155\/revisions\/249157"}],"wp:featuredmedia":[{"embeddable":true,"href":"https:\/\/rnoticias.com.mx\/Portal\/wp-json\/wp\/v2\/media\/249156"}],"wp:attachment":[{"href":"https:\/\/rnoticias.com.mx\/Portal\/wp-json\/wp\/v2\/media?parent=249155"}],"wp:term":[{"taxonomy":"category","embeddable":true,"href":"https:\/\/rnoticias.com.mx\/Portal\/wp-json\/wp\/v2\/categories?post=249155"},{"taxonomy":"post_tag","embeddable":true,"href":"https:\/\/rnoticias.com.mx\/Portal\/wp-json\/wp\/v2\/tags?post=249155"}],"curies":[{"name":"wp","href":"https:\/\/api.w.org\/{rel}","templated":true}]}}