{"id":249152,"date":"2026-03-16T09:29:36","date_gmt":"2026-03-16T16:29:36","guid":{"rendered":"https:\/\/rnoticias.com.mx\/Portal\/?p=249152"},"modified":"2026-03-16T09:29:36","modified_gmt":"2026-03-16T16:29:36","slug":"sonora-destaca-en-la-premiacion-de-la-feria-mexicana-de-ciencias-e-ingenierias-2026","status":"publish","type":"post","link":"https:\/\/rnoticias.com.mx\/Portal\/2026\/03\/16\/sonora-destaca-en-la-premiacion-de-la-feria-mexicana-de-ciencias-e-ingenierias-2026\/","title":{"rendered":"Sonora destaca en la premiaci\u00f3n de la Feria Mexicana de Ciencias e Ingenier\u00edas 2026"},"content":{"rendered":"<p>San Carlos, Sonora; 16 de marzo de 2026.\u2013 El Gobierno de Sonora, a trav\u00e9s de la Secretar\u00eda de Econom\u00eda y Turismo y del Consejo Estatal de Ciencia y Tecnolog\u00eda (Coecyt), en coordinaci\u00f3n con la Red Nacional de Consejos y Organismos Estatales de Ciencia y Tecnolog\u00eda A.C., llev\u00f3 a cabo la ceremonia de premiaci\u00f3n y clausura de la Feria Mexicana de Ciencias e Ingenier\u00edas 2026 (FEMECI), celebrada en San Carlos, Sonora, donde durante tres d\u00edas se reunieron m\u00e1s de 600 participantes entre estudiantes, evaluadores, asesores y autoridades de diversas entidades del pa\u00eds.<\/p>\n<p>Durante la ceremonia se reconoci\u00f3 a los proyectos ganadores, premiando a los tres primeros lugares de cada una de las siete categor\u00edas del conocimiento, tanto en la modalidad de nivel medio superior como de nivel superior, destacando la creatividad, el rigor cient\u00edfico y el potencial de innovaci\u00f3n de las propuestas presentadas por las y los estudiantes.<\/p>\n<p>Asimismo, se dieron a conocer los proyectos seleccionados que representar\u00e1n a M\u00e9xico en la competencia internacional International Science and Engineering Fair (ISEF), considerada una de las plataformas m\u00e1s importantes a nivel mundial para el talento cient\u00edfico juvenil.<\/p>\n<p>La delegaci\u00f3n de Sonora obtuvo resultados destacados dentro de la competencia nacional, al alcanzar el primer lugar en la categor\u00eda de Ciencias Ambientales en nivel superior, as\u00ed como el tercer lugar en la categor\u00eda de Sistemas Informativos en nivel medio superior, posicionando al estado como un referente en el impulso al talento cient\u00edfico y tecnol\u00f3gico de las juventudes.<\/p>\n<p>La realizaci\u00f3n de la FEMECI 2026 en Sonora se llev\u00f3 a cabo en el marco del impulso que el Gobierno del Estado, encabezado por el gobernador Dr. Alfonso Durazo Monta\u00f1o, ha dado al fortalecimiento de la ciencia, la tecnolog\u00eda y la innovaci\u00f3n, promoviendo espacios que permitan a las juventudes desarrollar su talento y contribuir con soluciones a los retos del presente y del futuro.<\/p>\n<p>Con este encuentro nacional, Sonora reafirma su papel como un punto de encuentro para el desarrollo del talento cient\u00edfico del pa\u00eds y como una tierra de oportunidades para las nuevas generaciones interesadas en la investigaci\u00f3n, el conocimiento y la innovaci\u00f3n.<\/p>\n","protected":false},"excerpt":{"rendered":"<p>San Carlos, Sonora; 16 de marzo de 2026.\u2013 El Gobierno de Sonora, a trav\u00e9s de la Secretar\u00eda de Econom\u00eda y Turismo y del Consejo Estatal de Ciencia y Tecnolog\u00eda (Coecyt), en coordinaci\u00f3n con la Red Nacional de Consejos y Organismos Estatales de Ciencia y Tecnolog\u00eda A.C., llev\u00f3 a cabo la ceremonia de premiaci\u00f3n y clausura [&hellip;]<\/p>\n","protected":false},"author":2,"featured_media":249153,"comment_status":"closed","ping_status":"closed","sticky":false,"template":"","format":"standard","meta":{"footnotes":""},"categories":[12870,174],"tags":[12865,12873],"class_list":["post-249152","post","type-post","status-publish","format-standard","has-post-thumbnail","hentry","category-destacadas","category-estatal","tag-destacadas","tag-estatal"],"jetpack_featured_media_url":"https:\/\/rnoticias.com.mx\/Portal\/wp-content\/uploads\/2026\/03\/78.jpg","amp_enabled":true,"_links":{"self":[{"href":"https:\/\/rnoticias.com.mx\/Portal\/wp-json\/wp\/v2\/posts\/249152","targetHints":{"allow":["GET"]}}],"collection":[{"href":"https:\/\/rnoticias.com.mx\/Portal\/wp-json\/wp\/v2\/posts"}],"about":[{"href":"https:\/\/rnoticias.com.mx\/Portal\/wp-json\/wp\/v2\/types\/post"}],"author":[{"embeddable":true,"href":"https:\/\/rnoticias.com.mx\/Portal\/wp-json\/wp\/v2\/users\/2"}],"replies":[{"embeddable":true,"href":"https:\/\/rnoticias.com.mx\/Portal\/wp-json\/wp\/v2\/comments?post=249152"}],"version-history":[{"count":1,"href":"https:\/\/rnoticias.com.mx\/Portal\/wp-json\/wp\/v2\/posts\/249152\/revisions"}],"predecessor-version":[{"id":249154,"href":"https:\/\/rnoticias.com.mx\/Portal\/wp-json\/wp\/v2\/posts\/249152\/revisions\/249154"}],"wp:featuredmedia":[{"embeddable":true,"href":"https:\/\/rnoticias.com.mx\/Portal\/wp-json\/wp\/v2\/media\/249153"}],"wp:attachment":[{"href":"https:\/\/rnoticias.com.mx\/Portal\/wp-json\/wp\/v2\/media?parent=249152"}],"wp:term":[{"taxonomy":"category","embeddable":true,"href":"https:\/\/rnoticias.com.mx\/Portal\/wp-json\/wp\/v2\/categories?post=249152"},{"taxonomy":"post_tag","embeddable":true,"href":"https:\/\/rnoticias.com.mx\/Portal\/wp-json\/wp\/v2\/tags?post=249152"}],"curies":[{"name":"wp","href":"https:\/\/api.w.org\/{rel}","templated":true}]}}