{"id":249149,"date":"2026-03-16T09:28:37","date_gmt":"2026-03-16T16:28:37","guid":{"rendered":"https:\/\/rnoticias.com.mx\/Portal\/?p=249149"},"modified":"2026-03-16T09:28:37","modified_gmt":"2026-03-16T16:28:37","slug":"gobierno-de-sonora-impulsa-cultura-del-agua-con-cuarta-edicion-de-la-carrera-por-el-dia-mundial-del-agua","status":"publish","type":"post","link":"https:\/\/rnoticias.com.mx\/Portal\/2026\/03\/16\/gobierno-de-sonora-impulsa-cultura-del-agua-con-cuarta-edicion-de-la-carrera-por-el-dia-mundial-del-agua\/","title":{"rendered":"Gobierno de Sonora impulsa cultura del agua con cuarta edici\u00f3n de la Carrera por el D\u00eda Mundial del Agua"},"content":{"rendered":"<p>Hermosillo, Sonora; 16 de marzo de 2026.\u2013 Con el objetivo de fomentar la conciencia sobre el cuidado y uso responsable del recurso h\u00eddrico, el gobernador Alfonso Durazo, a trav\u00e9s del Gobierno de Sonora y de la Comisi\u00f3n Estatal del Agua (CEA), llev\u00f3 a cabo la cuarta edici\u00f3n de la Carrera por la Cultura del Agua, en el marco de la conmemoraci\u00f3n del D\u00eda Mundial del Agua.<\/p>\n<p>El Gobierno de Sonora, por medio de la CEA, reuni\u00f3 a cerca de mil corredores que participaron en distintas categor\u00edas, en una jornada deportiva y familiar que promueve la participaci\u00f3n ciudadana y la importancia de preservar el agua como un recurso vital para el desarrollo del estado.<\/p>\n<p>Durante el evento, el vocal ejecutivo de la Comisi\u00f3n Estatal del Agua, Ariel Monge Mart\u00ednez, destac\u00f3 el impulso del gobernador Alfonso Durazo y de la titular de la Sagarhpa, Celida L\u00f3pez C\u00e1rdenas, para que esta carrera se consolide como un espacio de convivencia, educaci\u00f3n ambiental y participaci\u00f3n comunitaria, donde se impulsa una cultura de responsabilidad en torno al uso y cuidado del agua.<\/p>\n<p>Adem\u00e1s de la competencia deportiva, se cont\u00f3 con la participaci\u00f3n de estudiantes del Instituto Morera, quienes presentaron trabajos elaborados por ni\u00f1as y ni\u00f1os de cuarto, quinto y sexto grado de primaria, enfocados en la promoci\u00f3n de la cultura del agua y la importancia de proteger este recurso.<\/p>\n<p>Las actividades permitieron integrar a la ni\u00f1ez y a las familias en una din\u00e1mica educativa y recreativa que fortalece la conciencia ambiental desde edades tempranas, destacando el papel de la educaci\u00f3n en la formaci\u00f3n de nuevas generaciones comprometidas con el cuidado del medio ambiente.<\/p>\n<p>La Carrera por la Cultura del Agua se ha convertido en una iniciativa que combina deporte, educaci\u00f3n y participaci\u00f3n social, consolid\u00e1ndose como una de las actividades m\u00e1s representativas en la agenda estatal para promover el uso responsable del agua.<\/p>\n<p>Con acciones como esta, el Gobierno de Sonora refrenda su compromiso de impulsar programas y actividades que fortalezcan la cultura del agua y la participaci\u00f3n ciudadana, elementos fundamentales para garantizar la sustentabilidad y el futuro h\u00eddrico de la entidad.<\/p>\n","protected":false},"excerpt":{"rendered":"<p>Hermosillo, Sonora; 16 de marzo de 2026.\u2013 Con el objetivo de fomentar la conciencia sobre el cuidado y uso responsable del recurso h\u00eddrico, el gobernador Alfonso Durazo, a trav\u00e9s del Gobierno de Sonora y de la Comisi\u00f3n Estatal del Agua (CEA), llev\u00f3 a cabo la cuarta edici\u00f3n de la Carrera por la Cultura del Agua, [&hellip;]<\/p>\n","protected":false},"author":2,"featured_media":249150,"comment_status":"closed","ping_status":"closed","sticky":false,"template":"","format":"standard","meta":{"footnotes":""},"categories":[188],"tags":[5231],"class_list":["post-249149","post","type-post","status-publish","format-standard","has-post-thumbnail","hentry","category-deportes","tag-deportes"],"jetpack_featured_media_url":"https:\/\/rnoticias.com.mx\/Portal\/wp-content\/uploads\/2026\/03\/unnamed-1-27.jpg","amp_enabled":true,"_links":{"self":[{"href":"https:\/\/rnoticias.com.mx\/Portal\/wp-json\/wp\/v2\/posts\/249149","targetHints":{"allow":["GET"]}}],"collection":[{"href":"https:\/\/rnoticias.com.mx\/Portal\/wp-json\/wp\/v2\/posts"}],"about":[{"href":"https:\/\/rnoticias.com.mx\/Portal\/wp-json\/wp\/v2\/types\/post"}],"author":[{"embeddable":true,"href":"https:\/\/rnoticias.com.mx\/Portal\/wp-json\/wp\/v2\/users\/2"}],"replies":[{"embeddable":true,"href":"https:\/\/rnoticias.com.mx\/Portal\/wp-json\/wp\/v2\/comments?post=249149"}],"version-history":[{"count":1,"href":"https:\/\/rnoticias.com.mx\/Portal\/wp-json\/wp\/v2\/posts\/249149\/revisions"}],"predecessor-version":[{"id":249151,"href":"https:\/\/rnoticias.com.mx\/Portal\/wp-json\/wp\/v2\/posts\/249149\/revisions\/249151"}],"wp:featuredmedia":[{"embeddable":true,"href":"https:\/\/rnoticias.com.mx\/Portal\/wp-json\/wp\/v2\/media\/249150"}],"wp:attachment":[{"href":"https:\/\/rnoticias.com.mx\/Portal\/wp-json\/wp\/v2\/media?parent=249149"}],"wp:term":[{"taxonomy":"category","embeddable":true,"href":"https:\/\/rnoticias.com.mx\/Portal\/wp-json\/wp\/v2\/categories?post=249149"},{"taxonomy":"post_tag","embeddable":true,"href":"https:\/\/rnoticias.com.mx\/Portal\/wp-json\/wp\/v2\/tags?post=249149"}],"curies":[{"name":"wp","href":"https:\/\/api.w.org\/{rel}","templated":true}]}}