{"id":249146,"date":"2026-03-16T09:25:43","date_gmt":"2026-03-16T16:25:43","guid":{"rendered":"https:\/\/rnoticias.com.mx\/Portal\/?p=249146"},"modified":"2026-03-16T09:25:43","modified_gmt":"2026-03-16T16:25:43","slug":"tiene-el-atletismo-sonorense-impresionante-cierre-regional","status":"publish","type":"post","link":"https:\/\/rnoticias.com.mx\/Portal\/2026\/03\/16\/tiene-el-atletismo-sonorense-impresionante-cierre-regional\/","title":{"rendered":"Tiene el atletismo sonorense impresionante cierre regional"},"content":{"rendered":"<p>Hermosillo, Sonora, 16 de marzo del 2026.- La delegaci\u00f3n Sonora marc\u00f3 un cierre espectacular en la Olimpiada Regional de Atletismo 2026, que concluy\u00f3 este s\u00e1bado en Mexicali, Baja California, tras finalizar con una \u00faltima jornada de 28 medallas: 11 oros, 9 platas y 8 bronces.<\/p>\n<p>Ese resultado dej\u00f3 a la selecci\u00f3n sonorense de pista y campo con un total de 107 preseas despu\u00e9s de realizarse las cuatro sesiones de competencias (mi\u00e9rcoles 11 al s\u00e1bado 14 de marzo) en la Ciudad Deportiva de la capital bajacaliforniana, repartidas en 42 doradas, 33 de color argento y 32 bronc\u00edneas.<\/p>\n<p>La actuaci\u00f3n del s\u00e1bado la encabez\u00f3 el seis veces campe\u00f3n nacional, Jos\u00e9 Eduardo Ch\u00e1vez, quien obtuvo el metal dorado y el cetro regional en lanzamiento de martillo Sub 23, con una marca de 61.36 metros, para enfilarse a la ON 2026 a celebrarse en Guadalajara, Jalisco.<\/p>\n<p>Adem\u00e1s, conquistaron primeros lugares en la pista los fondistas L\u00eddice Riveros (10,000 metros Sub 23 con 37:30\u201996) y Francisco \u00c1vila (3,000 Sub 16 con 36:47), junto a los velocistas Sara del Moral (400 Sub 23 con 55:19), Rafael Buelna (400 Sub 23 con 48:36), Jos\u00e9 Aguado (110 vallas Sub 23 con 14:24) y Andrea Aguilera (100 vallas Sub 23 con 14:82). As\u00ed como el relevo 4X100 Sub 23 mixto (44:15), la heptatleta Danna Ram\u00edrez (Sub 20 con 3,698), el saltador Mart\u00edn Ram\u00edrez (altura Sub 20 con 1.92) y el lanzador Leonardo Olvera (martillo Sub 18 con 56.60).<\/p>\n<p>Con preseas de tonalidad argenta, terminaron: el velocista Jes\u00fas Mendoza (100 vallas Sub 16 con 13:99), el saltador Jaudiel Villalobos (triple Sub 18 con 13.55), los lanzadores Carlos Garc\u00eda (martillo Sub 16 con 37.18), Ricardo Sierras (martillo Sub 18 con 54.88), Alana Armenta (bala Sub 20 con 10.69) y Joelany Barr\u00f3n (disco Sub 16 femenil con 38.47), las heptatletas Mercedes Rosas (Sub 18 con 4,097) y Camila Valent\u00edn (Sub 16 con 3,393) y el relevo 1,000 metros Sub 16 varonil (2:02\u201986).<\/p>\n<p>Las preseas de bronce se las repartieron los velocistas Jaqueline \u00c1vila (400 Sub 20 con 58:37), Mart\u00edn Ram\u00edrez (110 vallas Sub 23 con 15:41), Santiago Garc\u00eda (110 vallas Sub 16 con 13:99) y Camila Castro (80 vallas Sub 16 con 12:14), los lanzadores Chabely Verduzco (bala Sub 16 con 10.67) y Jos\u00e9 Miranda (martillo Sub 23 con 48.94) y las heptatletas Luz Ram\u00edrez (Sub 20 con 3,460) y Kassandra Zavala (Sub 23 con 3,256).<\/p>\n","protected":false},"excerpt":{"rendered":"<p>Hermosillo, Sonora, 16 de marzo del 2026.- La delegaci\u00f3n Sonora marc\u00f3 un cierre espectacular en la Olimpiada Regional de Atletismo 2026, que concluy\u00f3 este s\u00e1bado en Mexicali, Baja California, tras finalizar con una \u00faltima jornada de 28 medallas: 11 oros, 9 platas y 8 bronces. Ese resultado dej\u00f3 a la selecci\u00f3n sonorense de pista y [&hellip;]<\/p>\n","protected":false},"author":2,"featured_media":249147,"comment_status":"closed","ping_status":"closed","sticky":false,"template":"","format":"standard","meta":{"footnotes":""},"categories":[188],"tags":[5231],"class_list":["post-249146","post","type-post","status-publish","format-standard","has-post-thumbnail","hentry","category-deportes","tag-deportes"],"jetpack_featured_media_url":"https:\/\/rnoticias.com.mx\/Portal\/wp-content\/uploads\/2026\/03\/unnamed-46.jpg","amp_enabled":true,"_links":{"self":[{"href":"https:\/\/rnoticias.com.mx\/Portal\/wp-json\/wp\/v2\/posts\/249146","targetHints":{"allow":["GET"]}}],"collection":[{"href":"https:\/\/rnoticias.com.mx\/Portal\/wp-json\/wp\/v2\/posts"}],"about":[{"href":"https:\/\/rnoticias.com.mx\/Portal\/wp-json\/wp\/v2\/types\/post"}],"author":[{"embeddable":true,"href":"https:\/\/rnoticias.com.mx\/Portal\/wp-json\/wp\/v2\/users\/2"}],"replies":[{"embeddable":true,"href":"https:\/\/rnoticias.com.mx\/Portal\/wp-json\/wp\/v2\/comments?post=249146"}],"version-history":[{"count":1,"href":"https:\/\/rnoticias.com.mx\/Portal\/wp-json\/wp\/v2\/posts\/249146\/revisions"}],"predecessor-version":[{"id":249148,"href":"https:\/\/rnoticias.com.mx\/Portal\/wp-json\/wp\/v2\/posts\/249146\/revisions\/249148"}],"wp:featuredmedia":[{"embeddable":true,"href":"https:\/\/rnoticias.com.mx\/Portal\/wp-json\/wp\/v2\/media\/249147"}],"wp:attachment":[{"href":"https:\/\/rnoticias.com.mx\/Portal\/wp-json\/wp\/v2\/media?parent=249146"}],"wp:term":[{"taxonomy":"category","embeddable":true,"href":"https:\/\/rnoticias.com.mx\/Portal\/wp-json\/wp\/v2\/categories?post=249146"},{"taxonomy":"post_tag","embeddable":true,"href":"https:\/\/rnoticias.com.mx\/Portal\/wp-json\/wp\/v2\/tags?post=249146"}],"curies":[{"name":"wp","href":"https:\/\/api.w.org\/{rel}","templated":true}]}}