{"id":249119,"date":"2026-03-16T08:24:41","date_gmt":"2026-03-16T15:24:41","guid":{"rendered":"https:\/\/rnoticias.com.mx\/Portal\/?p=249119"},"modified":"2026-03-16T08:24:41","modified_gmt":"2026-03-16T15:24:41","slug":"cae-pepe-quien-traslado-a-novia-de-el-mencho","status":"publish","type":"post","link":"https:\/\/rnoticias.com.mx\/Portal\/2026\/03\/16\/cae-pepe-quien-traslado-a-novia-de-el-mencho\/","title":{"rendered":"Cae \u201cPepe\u201d, quien traslad\u00f3 a novia de \u201cEl Mencho\u201d"},"content":{"rendered":"<p>Personal de la Secretar\u00eda de la Defensa Nacional (Sedena) detuvo ayer domingo a<strong>\u00a0Jos\u00e9 \u201cN\u201d, alias \u201cPepe\u201d, considerado uno de los principales operadores log\u00edsticos del C\u00e1rtel Jalisco Nueva Generaci\u00f3n (CJNG).<\/strong><\/p>\n<p>De acuerdo con un comunicado oficial,<strong>\u00a0\u201cPepe\u201d fue el encargado de trasladar a la pareja sentimental del abatido Nemesio Oseguera Cervantes, \u201cEl Mencho\u201d,<\/strong>\u00a0a Tapalpa, Jalisco, el domingo 22 de febrero de 2026.<\/p>\n<p>\u201cPepe\u201d fue detenido en la comunidad de La Mojonera, en el municipio de Tlajomulco de Z\u00fa\u00f1iga, Jalisco.<\/p>\n<p><strong>Se le asegur\u00f3 droga, armamento y un veh\u00edculo<\/strong>, que fueron puestos a disposici\u00f3n de la Fiscal\u00eda General de la Rep\u00fablica (FGR) v\u00eda la Fiscal\u00eda Especializada en Materia de Delincuencia Organizada (FEMDO), con sede en Guadalajara.<\/p>\n<p>El 23 de febrero, el general Ricardo Trevilla, titular de la Defensa, inform\u00f3 que \u201cEl Mencho\u201d fue capturado gracias al seguimiento de la pareja sentimental del capo.<\/p>\n","protected":false},"excerpt":{"rendered":"<p>Personal de la Secretar\u00eda de la Defensa Nacional (Sedena) detuvo ayer domingo a\u00a0Jos\u00e9 \u201cN\u201d, alias \u201cPepe\u201d, considerado uno de los principales operadores log\u00edsticos del C\u00e1rtel Jalisco Nueva Generaci\u00f3n (CJNG). De acuerdo con un comunicado oficial,\u00a0\u201cPepe\u201d fue el encargado de trasladar a la pareja sentimental del abatido Nemesio Oseguera Cervantes, \u201cEl Mencho\u201d,\u00a0a Tapalpa, Jalisco, el domingo [&hellip;]<\/p>\n","protected":false},"author":2,"featured_media":249120,"comment_status":"closed","ping_status":"closed","sticky":false,"template":"","format":"standard","meta":{"footnotes":""},"categories":[12870,172],"tags":[12865,12874],"class_list":["post-249119","post","type-post","status-publish","format-standard","has-post-thumbnail","hentry","category-destacadas","category-nacional","tag-destacadas","tag-nacional"],"jetpack_featured_media_url":"https:\/\/rnoticias.com.mx\/Portal\/wp-content\/uploads\/2026\/03\/dos_personajes_-_2026-03-15t200545_784.jpg_1889316708.webp","amp_enabled":true,"_links":{"self":[{"href":"https:\/\/rnoticias.com.mx\/Portal\/wp-json\/wp\/v2\/posts\/249119","targetHints":{"allow":["GET"]}}],"collection":[{"href":"https:\/\/rnoticias.com.mx\/Portal\/wp-json\/wp\/v2\/posts"}],"about":[{"href":"https:\/\/rnoticias.com.mx\/Portal\/wp-json\/wp\/v2\/types\/post"}],"author":[{"embeddable":true,"href":"https:\/\/rnoticias.com.mx\/Portal\/wp-json\/wp\/v2\/users\/2"}],"replies":[{"embeddable":true,"href":"https:\/\/rnoticias.com.mx\/Portal\/wp-json\/wp\/v2\/comments?post=249119"}],"version-history":[{"count":1,"href":"https:\/\/rnoticias.com.mx\/Portal\/wp-json\/wp\/v2\/posts\/249119\/revisions"}],"predecessor-version":[{"id":249121,"href":"https:\/\/rnoticias.com.mx\/Portal\/wp-json\/wp\/v2\/posts\/249119\/revisions\/249121"}],"wp:featuredmedia":[{"embeddable":true,"href":"https:\/\/rnoticias.com.mx\/Portal\/wp-json\/wp\/v2\/media\/249120"}],"wp:attachment":[{"href":"https:\/\/rnoticias.com.mx\/Portal\/wp-json\/wp\/v2\/media?parent=249119"}],"wp:term":[{"taxonomy":"category","embeddable":true,"href":"https:\/\/rnoticias.com.mx\/Portal\/wp-json\/wp\/v2\/categories?post=249119"},{"taxonomy":"post_tag","embeddable":true,"href":"https:\/\/rnoticias.com.mx\/Portal\/wp-json\/wp\/v2\/tags?post=249119"}],"curies":[{"name":"wp","href":"https:\/\/api.w.org\/{rel}","templated":true}]}}