{"id":249104,"date":"2026-03-16T08:03:40","date_gmt":"2026-03-16T15:03:40","guid":{"rendered":"https:\/\/rnoticias.com.mx\/Portal\/?p=249104"},"modified":"2026-03-16T08:03:40","modified_gmt":"2026-03-16T15:03:40","slug":"bukele-arremete-contra-activistas-y-ong-asegura-que-quieren-liberar-a-todos-los-pandilleros","status":"publish","type":"post","link":"https:\/\/rnoticias.com.mx\/Portal\/2026\/03\/16\/bukele-arremete-contra-activistas-y-ong-asegura-que-quieren-liberar-a-todos-los-pandilleros\/","title":{"rendered":"Bukele arremete contra activistas y ONG; asegura que quieren liberar a todos los pandilleros"},"content":{"rendered":"<p><strong>El presidente salvadore\u00f1o Nayib Bukele\u00a0<\/strong>arremeti\u00f3 el domingo\u00a0<strong>contra activistas y organizaciones sin fines de lucro que cuestionan sus pol\u00edticas de seguridad,<\/strong>\u00a0asegurando que quieren liberar a todos los pandilleros que han sido detenidos desde el inicio del r\u00e9gimen de excepci\u00f3n.<\/p>\n<p>Las declaraciones de Bukele fueron en respuesta al informe de un panel de juristas internacionales ante la Comisi\u00f3n Interamericana de Derechos Humanos (CIDH) sobre supuestos cr\u00edmenes de lesa humanidad cometidos en El Salvador en el marco de un prolongado\u00a0regimen de excepci\u00f3n\u00a0para combatir las pandillas.<\/p>\n<p>Bukele public\u00f3 en la red social X que el documento sostiene que el 100 % de las detenciones realizadas durante el r\u00e9gimen de excepci\u00f3n \u2014vigente desde marzo del 2022\u2014 son arbitrarias, lo que implicar\u00eda que el Estado estar\u00eda obligado a liberar a todos los detenidos.<\/p>\n<div id=\"eldia-2382707337\" class=\"eldia-contenido eldia-target\" data-eldia-trackid=\"1573641\" data-eldia-trackbid=\"1\"><\/div>\n<div id=\"eldia-3855140931\" class=\"eldia-contenido-3 eldia-target\" data-eldia-trackid=\"1863715\" data-eldia-trackbid=\"1\"><\/div>\n<p><strong><em>\u201cSi se acepta que el 100% de las detenciones son arbitrarias, todo Estado estar\u00eda obligado autom\u00e1ticamente a liberar al 100% de detenidos. Nadie, y menos alguien que dice ser defensor de derechos humanos, puede argumentar que es legal mantener en prisi\u00f3n a una persona detenida arbitrariamente\u201d<\/em><\/strong>, agreg\u00f3.<\/p>\n<p>El presidente tambi\u00e9n se\u00f1al\u00f3 que el\u00a0grupo de juristas internacionales\u00a0afirma en su informe que las capturas se han realizado<strong><em>\u00a0\u201csin garant\u00edas m\u00ednimas y sin el debido proceso\u201d<\/em><\/strong>, lo que, a su juicio, tambi\u00e9n implicar\u00eda la liberaci\u00f3n de los detenidos.<\/p>\n<p>Adem\u00e1s cuestion\u00f3 que el informe plantee que encarcelar a una persona \u00fanicamente por pertenecer a una pandilla, y no por un delito espec\u00edfico, ser\u00eda una violaci\u00f3n a los derechos humanos.<\/p>\n<div class=\"stream-item stream-item-in-post stream-item-inline-post aligncenter\">\n<div class=\"stream-item-size\"><\/div>\n<\/div>\n<p>El informe, el Grupo Internacional de Expertas y Expertos para la Investigaci\u00f3n de Violaciones de Derechos Humanos en el marco del Estado de Excepci\u00f3n en El Salvador (GIPES), presentado en periodo de sesiones de la CIDH en Guatemala, sostiene que existen bases razonables para creer que durante el r\u00e9gimen,\u00a0<em><strong>\u201cse est\u00e1n cometiendo cr\u00edmenes de lesa humanidad: encarcelamiento arbitrario, tortura, asesinatos, desapariciones forzadas, violaci\u00f3n sexual y persecuci\u00f3n\u201d.<\/strong><\/em><\/p>\n<p>Aseguran que en ese periodo\u00a0<strong>han sido detenidas m\u00e1s de 89.000 personas de forma arbitraria o sin el debido proceso legal<\/strong>, adem\u00e1s de que\u00a0<strong>se han reportado 540 casos de desaparici\u00f3n forzada\u00a0<\/strong>hasta febrero de 2025 y<strong>\u00a0403 muertes en custodia del Estado,<\/strong>\u00a0entre ellas las de cuatro menores, hasta agosto de ese a\u00f1o.<\/p>\n<p>Hay<strong><em>\u00a0\u201cresponsabilidad internacional\u201d<\/em><\/strong>\u00a0no solo del Estado salvadore\u00f1o sino<strong><em>\u00a0\u201cde las personas f\u00edsicas de manera individual, de acuerdo con los principios del derecho penal internacional\u201d,<\/em><\/strong>\u00a0asegura el GIPES.<\/p>\n<p>A solicitud de Bukele, el Congreso aprob\u00f3 a finales de marzo de ese a\u00f1o el r\u00e9gimen de excepci\u00f3n para combatir a las pandillas, las cuales comet\u00edan extorsiones y asesinatos en el 90% del territorio, seg\u00fan las autoridades.<\/p>\n<p>El estado de excepci\u00f3n suspende derechos fundamentales, como al de ser informado de los motivos de la detenci\u00f3n y el de tener acceso a un abogado. Tambi\u00e9n faculta a las fuerzas de seguridad para intervenir las telecomunicaciones sin una orden judicial, adem\u00e1s de que establece una extensi\u00f3n al tiempo de detenci\u00f3n sin audiencia de 72 horas a 15 d\u00edas.<\/p>\n<p><strong>El Congreso tambi\u00e9n reform\u00f3 el C\u00f3digo Penal para tipificar como delito el pertenecer a una pandilla,<\/strong>\u00a0con<strong>\u00a0penas de entre 20 y 40 a\u00f1os de c\u00e1rcel.\u00a0<\/strong>Los cabecillas pueden recibir condenas de hasta 60 a\u00f1os tras las rejas.<\/p>\n<p>Tambi\u00e9n reform\u00f3 la Ley Penal Juvenil para establecer sentencias de hasta 20 a\u00f1os de prisi\u00f3n para delitos de pandilleros con 16 a\u00f1os cumplidos y de hasta 10 a\u00f1os en la c\u00e1rcel para miembros de pandillas que ya tengan los 12 a\u00f1os cumplidos.<\/p>\n<p>Desde la entrada en vigor la medida, las autoridades han informado de la captura de 91.300 acusados de pertenecer a pandillas o tener v\u00ednculos con estos grupos criminales. Bukele ha dicho que 8.000 inocentes han sido liberados.<\/p>\n","protected":false},"excerpt":{"rendered":"<p>El presidente salvadore\u00f1o Nayib Bukele\u00a0arremeti\u00f3 el domingo\u00a0contra activistas y organizaciones sin fines de lucro que cuestionan sus pol\u00edticas de seguridad,\u00a0asegurando que quieren liberar a todos los pandilleros que han sido detenidos desde el inicio del r\u00e9gimen de excepci\u00f3n. Las declaraciones de Bukele fueron en respuesta al informe de un panel de juristas internacionales ante la [&hellip;]<\/p>\n","protected":false},"author":2,"featured_media":249105,"comment_status":"closed","ping_status":"closed","sticky":false,"template":"","format":"standard","meta":{"footnotes":""},"categories":[12870,182],"tags":[12865,12871],"class_list":["post-249104","post","type-post","status-publish","format-standard","has-post-thumbnail","hentry","category-destacadas","category-internacional","tag-destacadas","tag-internacional"],"jetpack_featured_media_url":"https:\/\/rnoticias.com.mx\/Portal\/wp-content\/uploads\/2026\/03\/Nayib-Bukele-autoritarismo-deocracia-Manuel-Rayran.jpg","amp_enabled":true,"_links":{"self":[{"href":"https:\/\/rnoticias.com.mx\/Portal\/wp-json\/wp\/v2\/posts\/249104","targetHints":{"allow":["GET"]}}],"collection":[{"href":"https:\/\/rnoticias.com.mx\/Portal\/wp-json\/wp\/v2\/posts"}],"about":[{"href":"https:\/\/rnoticias.com.mx\/Portal\/wp-json\/wp\/v2\/types\/post"}],"author":[{"embeddable":true,"href":"https:\/\/rnoticias.com.mx\/Portal\/wp-json\/wp\/v2\/users\/2"}],"replies":[{"embeddable":true,"href":"https:\/\/rnoticias.com.mx\/Portal\/wp-json\/wp\/v2\/comments?post=249104"}],"version-history":[{"count":1,"href":"https:\/\/rnoticias.com.mx\/Portal\/wp-json\/wp\/v2\/posts\/249104\/revisions"}],"predecessor-version":[{"id":249106,"href":"https:\/\/rnoticias.com.mx\/Portal\/wp-json\/wp\/v2\/posts\/249104\/revisions\/249106"}],"wp:featuredmedia":[{"embeddable":true,"href":"https:\/\/rnoticias.com.mx\/Portal\/wp-json\/wp\/v2\/media\/249105"}],"wp:attachment":[{"href":"https:\/\/rnoticias.com.mx\/Portal\/wp-json\/wp\/v2\/media?parent=249104"}],"wp:term":[{"taxonomy":"category","embeddable":true,"href":"https:\/\/rnoticias.com.mx\/Portal\/wp-json\/wp\/v2\/categories?post=249104"},{"taxonomy":"post_tag","embeddable":true,"href":"https:\/\/rnoticias.com.mx\/Portal\/wp-json\/wp\/v2\/tags?post=249104"}],"curies":[{"name":"wp","href":"https:\/\/api.w.org\/{rel}","templated":true}]}}