{"id":249091,"date":"2026-03-14T16:29:57","date_gmt":"2026-03-14T23:29:57","guid":{"rendered":"https:\/\/rnoticias.com.mx\/Portal\/?p=249091"},"modified":"2026-03-14T16:29:57","modified_gmt":"2026-03-14T23:29:57","slug":"con-entrega-de-primer-sendero-seguro-del-pais-gobernador-durazo-consolida-mayor-seguridad-en-la-frontera","status":"publish","type":"post","link":"https:\/\/rnoticias.com.mx\/Portal\/2026\/03\/14\/con-entrega-de-primer-sendero-seguro-del-pais-gobernador-durazo-consolida-mayor-seguridad-en-la-frontera\/","title":{"rendered":"Con entrega de primer Sendero Seguro del pa\u00eds, Gobernador Durazo consolida mayor seguridad en la frontera"},"content":{"rendered":"<p>San Luis R\u00edo Colorado, Sonora; 14 de marzo de 2026.- Con el objetivo de fortalecer la seguridad, la movilidad urbana y la recuperaci\u00f3n de espacios p\u00fablicos, el gobernador Alfonso Durazo Monta\u00f1o encabez\u00f3 la entrega de la primera etapa del proyecto \u201cSenderos Seguros, Camina Libre, Camina Segura\u201d, convirtiendo a San Luis R\u00edo Colorado en la primera ciudad a nivel nacional en inaugurar esta obra estrat\u00e9gica.<\/p>\n<p>El mandatario estatal, junto a Tania Carro Toledo subsecretaria de Comunicaciones y Transportes del Gobierno de M\u00e9xico y el alcalde C\u00e9sar Iv\u00e1n Sandoval G\u00e1mez, destac\u00f3 que este proyecto forma parte de las acciones que impulsa la presidenta Claudia Sheinbaum Pardo junto al Gobierno de Sonora para mejorar la iluminaci\u00f3n y la imagen urbana y brindar entornos m\u00e1s seguros y dignos a las familias sonorenses, mediante infraestructura que favorezca la convivencia social y reduzca zonas de riesgo en la v\u00eda p\u00fablica.<\/p>\n<p>La obra fue desarrollada por la Secretar\u00eda de la Defensa Nacional (SEDENA) en coordinaci\u00f3n con la Secretar\u00eda de Infraestructura, Comunicaciones y Transportes (SICT) y la Secretar\u00eda de Infraestructura y Desarrollo Urbano (SIDUR), con una inversi\u00f3n de 50 millones de pesos, para intervenir casi 40 kil\u00f3metros de vialidades dentro de la ciudad.<\/p>\n<p>&#8220;Quiero decir a ustedes que es el primer Sendero Seguro que se inaugura a nivel nacional. Que inicia en San Luis R\u00edo Colorado e iniciamos con 40 kil\u00f3metros de luminarias en una primera etapa, y como ya se mencion\u00f3, vienen dos etapas adicionales. Los Senderos Seguros que ponemos hoy en marcha van a ser una contribuci\u00f3n muy importante a la seguridad, pero sobre todo a la tranquilidad de las familias&#8221;, indic\u00f3 el gobernador Alfonso Durazo.<\/p>\n<p>Entre las principales acciones realizadas destacan: sustituci\u00f3n de luminarias de sodio por tecnolog\u00eda LED de 150 y 100 watts para mejorar la visibilidad nocturna; instalaci\u00f3n de postes de alumbrado p\u00fablico de distintas alturas, con 1,093 bases y 2,447 luminarias; colocaci\u00f3n de bases de medici\u00f3n para su conexi\u00f3n con la Comisi\u00f3n Federal de Electricidad (CFE) e intervenci\u00f3n art\u00edstica con 10 murales que abarcan 1,200 metros cuadrados, representativos de la identidad regional.<\/p>\n<p>Las vialidades beneficiadas incluyen la avenida Nuevo Le\u00f3n (de calle 2 a calle 47); avenida Revoluci\u00f3n (de calle 2 a calle 47); avenida Libertad (de calle 2 a calle 26); calle 47 (de avenida Libertad a avenida Nuevo Le\u00f3n); bulevar Luis Donaldo Colosio, en el tramo de la caseta del Puente R\u00edo Colorado a la carretera del Valle.<\/p>\n<p>Durante el evento, el gobernador Durazo Monta\u00f1o resalt\u00f3 que la iluminaci\u00f3n y recuperaci\u00f3n de espacios p\u00fablicos son herramientas clave para fortalecer la seguridad comunitaria y mejorar la calidad de vida de la poblaci\u00f3n, especialmente para mujeres, ni\u00f1os, j\u00f3venes y familias que transitan diariamente por estas vialidades.<\/p>\n","protected":false},"excerpt":{"rendered":"<p>San Luis R\u00edo Colorado, Sonora; 14 de marzo de 2026.- Con el objetivo de fortalecer la seguridad, la movilidad urbana y la recuperaci\u00f3n de espacios p\u00fablicos, el gobernador Alfonso Durazo Monta\u00f1o encabez\u00f3 la entrega de la primera etapa del proyecto \u201cSenderos Seguros, Camina Libre, Camina Segura\u201d, convirtiendo a San Luis R\u00edo Colorado en la primera [&hellip;]<\/p>\n","protected":false},"author":2,"featured_media":249092,"comment_status":"closed","ping_status":"closed","sticky":false,"template":"","format":"standard","meta":{"footnotes":""},"categories":[12870,174],"tags":[12865,12873],"class_list":["post-249091","post","type-post","status-publish","format-standard","has-post-thumbnail","hentry","category-destacadas","category-estatal","tag-destacadas","tag-estatal"],"jetpack_featured_media_url":"https:\/\/rnoticias.com.mx\/Portal\/wp-content\/uploads\/2026\/03\/unnamed-44.jpg","amp_enabled":true,"_links":{"self":[{"href":"https:\/\/rnoticias.com.mx\/Portal\/wp-json\/wp\/v2\/posts\/249091","targetHints":{"allow":["GET"]}}],"collection":[{"href":"https:\/\/rnoticias.com.mx\/Portal\/wp-json\/wp\/v2\/posts"}],"about":[{"href":"https:\/\/rnoticias.com.mx\/Portal\/wp-json\/wp\/v2\/types\/post"}],"author":[{"embeddable":true,"href":"https:\/\/rnoticias.com.mx\/Portal\/wp-json\/wp\/v2\/users\/2"}],"replies":[{"embeddable":true,"href":"https:\/\/rnoticias.com.mx\/Portal\/wp-json\/wp\/v2\/comments?post=249091"}],"version-history":[{"count":1,"href":"https:\/\/rnoticias.com.mx\/Portal\/wp-json\/wp\/v2\/posts\/249091\/revisions"}],"predecessor-version":[{"id":249093,"href":"https:\/\/rnoticias.com.mx\/Portal\/wp-json\/wp\/v2\/posts\/249091\/revisions\/249093"}],"wp:featuredmedia":[{"embeddable":true,"href":"https:\/\/rnoticias.com.mx\/Portal\/wp-json\/wp\/v2\/media\/249092"}],"wp:attachment":[{"href":"https:\/\/rnoticias.com.mx\/Portal\/wp-json\/wp\/v2\/media?parent=249091"}],"wp:term":[{"taxonomy":"category","embeddable":true,"href":"https:\/\/rnoticias.com.mx\/Portal\/wp-json\/wp\/v2\/categories?post=249091"},{"taxonomy":"post_tag","embeddable":true,"href":"https:\/\/rnoticias.com.mx\/Portal\/wp-json\/wp\/v2\/tags?post=249091"}],"curies":[{"name":"wp","href":"https:\/\/api.w.org\/{rel}","templated":true}]}}