{"id":249085,"date":"2026-03-14T14:36:05","date_gmt":"2026-03-14T21:36:05","guid":{"rendered":"https:\/\/rnoticias.com.mx\/Portal\/?p=249085"},"modified":"2026-03-14T14:36:05","modified_gmt":"2026-03-14T21:36:05","slug":"ataque-con-drones-deja-un-muerto-y-dos-vehiculos-calcinados-en-culiacan","status":"publish","type":"post","link":"https:\/\/rnoticias.com.mx\/Portal\/2026\/03\/14\/ataque-con-drones-deja-un-muerto-y-dos-vehiculos-calcinados-en-culiacan\/","title":{"rendered":"Ataque con drones deja un muerto y dos veh\u00edculos calcinados en Culiac\u00e1n"},"content":{"rendered":"<p>Un ataque con drones dej\u00f3 una persona fallecida y\u00a0<strong>dos veh\u00edculos calcinados<\/strong>\u00a0sobre un camino de terracer\u00eda en la zona rural de Culiac\u00e1n,\u00a0al oriente de la ciudad.<\/p>\n<p>El atentado\u00a0ocurri\u00f3 la noche de este viernes\u00a013\u00a0en la comunidad de\u00a0<strong>Arroyo Grande,<\/strong>\u00a0perteneciente a la sindicatura de\u00a0<strong>Sanalona<\/strong>.<\/p>\n<p>La persona muerta en el atentado fue identificada como Tom\u00e1s, de 37 a\u00f1os, cuyo cuerpo qued\u00f3 calcinado en uno de los dos veh\u00edculos.<\/p>\n<div id=\"eldia-4087845810\" class=\"eldia-contenido-3 eldia-target\" data-eldia-trackid=\"1863715\" data-eldia-trackbid=\"1\"><\/div>\n<p>Peritos y autoridades no se presentaron en el lugar sino hasta\u00a0la ma\u00f1ana\u00a0de este s\u00e1bado 14,\u00a0a<strong>\u00a0pesar de los reportes de vecinos de la zona.\u00a0<\/strong>No se ha\u00a0confirmado si existen m\u00e1s personas heridas o fallecidas.<\/p>\n<p>Sin embargo, la misma noche del viernes se report\u00f3 ante autoridades locales el ingreso de un paciente por heridas aparentemente producidas por artefacto explosivo,<strong>\u00a0seg\u00fan reportaron medios locales.\u00a0<\/strong><\/p>\n","protected":false},"excerpt":{"rendered":"<p>Un ataque con drones dej\u00f3 una persona fallecida y\u00a0dos veh\u00edculos calcinados\u00a0sobre un camino de terracer\u00eda en la zona rural de Culiac\u00e1n,\u00a0al oriente de la ciudad. El atentado\u00a0ocurri\u00f3 la noche de este viernes\u00a013\u00a0en la comunidad de\u00a0Arroyo Grande,\u00a0perteneciente a la sindicatura de\u00a0Sanalona. La persona muerta en el atentado fue identificada como Tom\u00e1s, de 37 a\u00f1os, cuyo cuerpo [&hellip;]<\/p>\n","protected":false},"author":2,"featured_media":249086,"comment_status":"closed","ping_status":"closed","sticky":false,"template":"","format":"standard","meta":{"footnotes":""},"categories":[12870,172],"tags":[12865,12874],"class_list":["post-249085","post","type-post","status-publish","format-standard","has-post-thumbnail","hentry","category-destacadas","category-nacional","tag-destacadas","tag-nacional"],"jetpack_featured_media_url":"https:\/\/rnoticias.com.mx\/Portal\/wp-content\/uploads\/2026\/03\/Reporteslo_5216692720802_c_us_1773512299966.webp","amp_enabled":true,"_links":{"self":[{"href":"https:\/\/rnoticias.com.mx\/Portal\/wp-json\/wp\/v2\/posts\/249085","targetHints":{"allow":["GET"]}}],"collection":[{"href":"https:\/\/rnoticias.com.mx\/Portal\/wp-json\/wp\/v2\/posts"}],"about":[{"href":"https:\/\/rnoticias.com.mx\/Portal\/wp-json\/wp\/v2\/types\/post"}],"author":[{"embeddable":true,"href":"https:\/\/rnoticias.com.mx\/Portal\/wp-json\/wp\/v2\/users\/2"}],"replies":[{"embeddable":true,"href":"https:\/\/rnoticias.com.mx\/Portal\/wp-json\/wp\/v2\/comments?post=249085"}],"version-history":[{"count":1,"href":"https:\/\/rnoticias.com.mx\/Portal\/wp-json\/wp\/v2\/posts\/249085\/revisions"}],"predecessor-version":[{"id":249087,"href":"https:\/\/rnoticias.com.mx\/Portal\/wp-json\/wp\/v2\/posts\/249085\/revisions\/249087"}],"wp:featuredmedia":[{"embeddable":true,"href":"https:\/\/rnoticias.com.mx\/Portal\/wp-json\/wp\/v2\/media\/249086"}],"wp:attachment":[{"href":"https:\/\/rnoticias.com.mx\/Portal\/wp-json\/wp\/v2\/media?parent=249085"}],"wp:term":[{"taxonomy":"category","embeddable":true,"href":"https:\/\/rnoticias.com.mx\/Portal\/wp-json\/wp\/v2\/categories?post=249085"},{"taxonomy":"post_tag","embeddable":true,"href":"https:\/\/rnoticias.com.mx\/Portal\/wp-json\/wp\/v2\/tags?post=249085"}],"curies":[{"name":"wp","href":"https:\/\/api.w.org\/{rel}","templated":true}]}}