{"id":249064,"date":"2026-03-14T14:06:49","date_gmt":"2026-03-14T21:06:49","guid":{"rendered":"https:\/\/rnoticias.com.mx\/Portal\/?p=249064"},"modified":"2026-03-14T14:06:49","modified_gmt":"2026-03-14T21:06:49","slug":"ine-reconoce-el-compromiso-del-personal-del-servicio-profesional-electoral-en-durango","status":"publish","type":"post","link":"https:\/\/rnoticias.com.mx\/Portal\/2026\/03\/14\/ine-reconoce-el-compromiso-del-personal-del-servicio-profesional-electoral-en-durango\/","title":{"rendered":"INE reconoce el compromiso del personal del Servicio Profesional Electoral en Durango"},"content":{"rendered":"<p class=\"x_MsoNormal\"><a name=\"x__Hlk192875354\"><\/a><span data-olk-copy-source=\"MessageBody\">En el marco de una reuni\u00f3n de trabajo entre la Consejera del Instituto Nacional Electoral (INE), Claudia Zavala P\u00e9rez con personal de la Junta Local Ejecutiva y de las Juntas Distritales en el estado de Durango, se destac\u00f3 el compromiso, la experiencia y la vocaci\u00f3n de servicio del personal del Servicio Profesional Electoral Nacional y de la rama administrativa que integran la estructura del Instituto en la entidad.<\/span><\/p>\n<p class=\"x_MsoNormal\">\n<p class=\"x_MsoNormal\">Durante el encuentro, las y los integrantes de las distintas vocal\u00edas compartieron con la Consejera Electoral sus principales actividades y los retos que enfrentan en el desarrollo de las funciones institucionales, subrayando la importancia del trabajo en campo y la cercan\u00eda permanente con la ciudadan\u00eda.<\/p>\n<p class=\"x_MsoNormal\">\n<p class=\"x_MsoNormal\">El personal del Instituto reiter\u00f3 el orgullo de pertenecer a una instituci\u00f3n que, a lo largo de m\u00e1s de tres d\u00e9cadas de organizaci\u00f3n electoral, ha construido un legado democr\u00e1tico en M\u00e9xico, basado en la participaci\u00f3n ciudadana y en la confianza en las instituciones.<\/p>\n<p class=\"x_MsoNormal\">\n<p class=\"x_MsoNormal\">Se resalt\u00f3 la labor del INE en periodos no electorales, manteniendo una intensa agenda de trabajo que incluye la actualizaci\u00f3n del Padr\u00f3n Electoral, la atenci\u00f3n ciudadana en los m\u00f3dulos de credencializaci\u00f3n, la promoci\u00f3n de la educaci\u00f3n c\u00edvica, la organizaci\u00f3n de ejercicios de participaci\u00f3n como la Consulta Infantil y Juvenil, as\u00ed como diversas actividades de planeaci\u00f3n y preparaci\u00f3n rumbo a futuros procesos electorales.<\/p>\n<p class=\"x_MsoNormal\">\n<p class=\"x_MsoNormal\">Durante su intervenci\u00f3n, la Consejera Zavala reconoci\u00f3 la labor del personal del Instituto en todo el pa\u00eds y particularmente en Durango, al se\u00f1alar que el contacto directo con la ciudadan\u00eda y el trabajo territorial que realizan diariamente son fundamentales para el fortalecimiento de la democracia.<\/p>\n<p class=\"x_MsoNormal\">\n<p class=\"x_MsoNormal\">Finalmente, se hizo hincapi\u00e9 que el INE es una instituci\u00f3n que se ha consolidado gracias al compromiso y profesionalismo de su personal, as\u00ed como a su capacidad de adaptaci\u00f3n ante los cambios y retos del entorno pol\u00edtico y social.<\/p>\n","protected":false},"excerpt":{"rendered":"<p>En el marco de una reuni\u00f3n de trabajo entre la Consejera del Instituto Nacional Electoral (INE), Claudia Zavala P\u00e9rez con personal de la Junta Local Ejecutiva y de las Juntas Distritales en el estado de Durango, se destac\u00f3 el compromiso, la experiencia y la vocaci\u00f3n de servicio del personal del Servicio Profesional Electoral Nacional y [&hellip;]<\/p>\n","protected":false},"author":2,"featured_media":249065,"comment_status":"closed","ping_status":"closed","sticky":false,"template":"","format":"standard","meta":{"footnotes":""},"categories":[12868],"tags":[12879],"class_list":["post-249064","post","type-post","status-publish","format-standard","has-post-thumbnail","hentry","category-politica","tag-politica"],"jetpack_featured_media_url":"https:\/\/rnoticias.com.mx\/Portal\/wp-content\/uploads\/2026\/03\/WhatsApp-Image-2026-03-10-at-5.58.28-PM.jpeg","amp_enabled":true,"_links":{"self":[{"href":"https:\/\/rnoticias.com.mx\/Portal\/wp-json\/wp\/v2\/posts\/249064","targetHints":{"allow":["GET"]}}],"collection":[{"href":"https:\/\/rnoticias.com.mx\/Portal\/wp-json\/wp\/v2\/posts"}],"about":[{"href":"https:\/\/rnoticias.com.mx\/Portal\/wp-json\/wp\/v2\/types\/post"}],"author":[{"embeddable":true,"href":"https:\/\/rnoticias.com.mx\/Portal\/wp-json\/wp\/v2\/users\/2"}],"replies":[{"embeddable":true,"href":"https:\/\/rnoticias.com.mx\/Portal\/wp-json\/wp\/v2\/comments?post=249064"}],"version-history":[{"count":1,"href":"https:\/\/rnoticias.com.mx\/Portal\/wp-json\/wp\/v2\/posts\/249064\/revisions"}],"predecessor-version":[{"id":249066,"href":"https:\/\/rnoticias.com.mx\/Portal\/wp-json\/wp\/v2\/posts\/249064\/revisions\/249066"}],"wp:featuredmedia":[{"embeddable":true,"href":"https:\/\/rnoticias.com.mx\/Portal\/wp-json\/wp\/v2\/media\/249065"}],"wp:attachment":[{"href":"https:\/\/rnoticias.com.mx\/Portal\/wp-json\/wp\/v2\/media?parent=249064"}],"wp:term":[{"taxonomy":"category","embeddable":true,"href":"https:\/\/rnoticias.com.mx\/Portal\/wp-json\/wp\/v2\/categories?post=249064"},{"taxonomy":"post_tag","embeddable":true,"href":"https:\/\/rnoticias.com.mx\/Portal\/wp-json\/wp\/v2\/tags?post=249064"}],"curies":[{"name":"wp","href":"https:\/\/api.w.org\/{rel}","templated":true}]}}