{"id":249061,"date":"2026-03-14T14:05:39","date_gmt":"2026-03-14T21:05:39","guid":{"rendered":"https:\/\/rnoticias.com.mx\/Portal\/?p=249061"},"modified":"2026-03-14T14:05:39","modified_gmt":"2026-03-14T21:05:39","slug":"necesario-visibilizar-y-conceptualizar-el-fenomeno-del-wollying-digital-y-sus-efectos-en-la-participacion-politica-de-las-mujeres","status":"publish","type":"post","link":"https:\/\/rnoticias.com.mx\/Portal\/2026\/03\/14\/necesario-visibilizar-y-conceptualizar-el-fenomeno-del-wollying-digital-y-sus-efectos-en-la-participacion-politica-de-las-mujeres\/","title":{"rendered":"Necesario, visibilizar y conceptualizar el fen\u00f3meno del Wollying digital y sus efectos en la participaci\u00f3n pol\u00edtica de las mujeres"},"content":{"rendered":"<p class=\"x_MsoNormal\"><span data-olk-copy-source=\"MessageBody\">En el marco del Panel Virtual con el Observatorio de Participaci\u00f3n Pol\u00edtica de las Mujeres en M\u00e9xico y de la conmemoraci\u00f3n del D\u00eda Internacional de las Mujeres, vocales ejecutivas del Instituto Nacional Electoral (INE) coincidieron en la necesidad de visibilizar y conceptualizar el fen\u00f3meno del\u00a0<i>Wollying<\/i>\u00a0digital \u2014combinaci\u00f3n de la palabra woman y bullying\u2014, as\u00ed como sus efectos en la participaci\u00f3n pol\u00edtica de las mujeres.<\/span><\/p>\n<p class=\"x_MsoNormal\">\n<p class=\"x_MsoNormal\">Durante el encuentro manifestaron con matices que las din\u00e1micas de violencia digital dirigidas a mujeres en la vida p\u00fablica se amplifican en redes sociales y pueden derivar en hostigamiento, deslegitimaci\u00f3n y ataques personales que afectan el ejercicio de sus derechos pol\u00edtico-electorales.<\/p>\n<p class=\"x_MsoNormal\">\n<p class=\"x_MsoNormal\">Las participantes subrayaron que estas conductas no ocurren de manera aislada, sino que reflejan estructuras culturales y patrones hist\u00f3ricos de desigualdad, que trasladan al entorno digital est\u00e1ndares y prejuicios sobre las mujeres. Tambi\u00e9n coincidieron en la importancia de diferenciar la cr\u00edtica leg\u00edtima en el debate democr\u00e1tico de las expresiones de descalificaci\u00f3n, ridiculizaci\u00f3n o linchamiento simb\u00f3lico, as\u00ed como en la necesidad de fortalecer acciones de prevenci\u00f3n, an\u00e1lisis y respuesta institucional frente a la violencia pol\u00edtica digital contra las mujeres.<\/p>\n<p class=\"x_MsoNormal\">\n<p class=\"x_MsoNormal\">Itzel Aguilar Ambrocio, Encargada de despacho de la Vocal\u00eda Ejecutiva del INE en Campeche, moderadora del panel, destac\u00f3 que el\u00a0<i>Wollying<\/i>\u00a0en entornos digitales implica ataques dirigidos a mujeres por el hecho de serlo, los cuales trasladan a este espacio din\u00e1micas de hostigamiento, deslegitimaci\u00f3n y cuestionamientos a su capacidad. Consider\u00f3 necesario construir claridad sobre lo que significa este fen\u00f3meno en el debate p\u00fablico y promover acciones de prevenci\u00f3n que permitan identificar y atender estas conductas en los espacios digitales.<\/p>\n<p class=\"x_MsoNormal\">\n<p class=\"x_MsoNormal\">La Encargada de despacho de la Vocal\u00eda Ejecutiva del INE en Durango, Laura Fabiola Bringas S\u00e1nchez, expuso un caso analizado en el \u00e1mbito jurisdiccional electoral, en el que se estudiaron expresiones hostiles y descalificaciones contra una mujer en funciones p\u00fablicas. Explic\u00f3 que este tipo de asuntos plantea desaf\u00edos probatorios para las autoridades electorales y resalt\u00f3 la importancia de analizar estos casos con perspectiva de g\u00e9nero e interseccionalidad, adem\u00e1s de fortalecer la respuesta institucional frente a la violencia pol\u00edtica digital.<\/p>\n<p class=\"x_MsoNormal\">\n<p class=\"x_MsoNormal\">Brenda Castrej\u00f3n Hern\u00e1ndez, Vocal Ejecutiva del INE en Aguascalientes, se\u00f1al\u00f3 que el estudio del\u00a0<i>Wollying\u00a0<\/i>digital requiere profundizar en su an\u00e1lisis conceptual y en la investigaci\u00f3n acad\u00e9mica sobre el fen\u00f3meno. Mencion\u00f3 estudios realizados en Am\u00e9rica Latina, que buscan identificar y comprender las distintas dimensiones de esta forma de violencia, con el objetivo de contar con herramientas que faciliten su an\u00e1lisis, prevenci\u00f3n e intervenci\u00f3n.<\/p>\n<p class=\"x_MsoNormal\">\n<p class=\"x_MsoNormal\">La Vocal Ejecutiva del INE en San Luis Potos\u00ed, Liliana D\u00edaz de Le\u00f3n Zapata, apunt\u00f3 que las din\u00e1micas de violencia digital reflejan estructuras culturales que hist\u00f3ricamente han condicionado la forma en que se eval\u00faa y juzga a las mujeres en el espacio p\u00fablico. Indic\u00f3 que cuando la cr\u00edtica se desplaza de las ideas hacia la descalificaci\u00f3n personal o el ridiculizar a las mujeres, se generan efectos que pueden desincentivar su participaci\u00f3n en la vida p\u00fablica y afectar la calidad de la democracia.<\/p>\n<p class=\"x_MsoNormal\">\n<p class=\"x_MsoNormal\">El panel virtual form\u00f3 parte de las actividades impulsadas por el INE y el Observatorio de Participaci\u00f3n Pol\u00edtica de las Mujeres en M\u00e9xico, con el objetivo de analizar el impacto de la Violencia Pol\u00edtica contra las Mujeres en Raz\u00f3n de G\u00e9nero y promover espacios de reflexi\u00f3n sobre los desaf\u00edos que enfrentan en los entornos digitales y en la vida p\u00fablica.<\/p>\n<p class=\"x_MsoNormal\">\n<p class=\"x_MsoNormal\">Tambi\u00e9n se busca analizar el Ciberacoso (La Funa) contra las mujeres y su anonimato, y c\u00f3mo las afecta de manera diferenciada, reflexionando sobre el papel del anonimato en la amplificaci\u00f3n de la violencia digital y los desaf\u00edos que esto representa para la protecci\u00f3n de sus derechos, su participaci\u00f3n p\u00fablica y su seguridad en los espacios digitales.<\/p>\n<p class=\"x_MsoNormal\">\n<p class=\"x_MsoNormal\">Lo anterior, porque reflexionar colectivamente sobre estos desaf\u00edos permite fortalecer la conciencia institucional, visibilizar las experiencias de las mujeres en el ejercicio de funciones p\u00fablicas y contribuir a la construcci\u00f3n de una cultura democr\u00e1tica basada en el respeto, la inclusi\u00f3n y la igualdad sustantiva.<\/p>\n","protected":false},"excerpt":{"rendered":"<p>En el marco del Panel Virtual con el Observatorio de Participaci\u00f3n Pol\u00edtica de las Mujeres en M\u00e9xico y de la conmemoraci\u00f3n del D\u00eda Internacional de las Mujeres, vocales ejecutivas del Instituto Nacional Electoral (INE) coincidieron en la necesidad de visibilizar y conceptualizar el fen\u00f3meno del\u00a0Wollying\u00a0digital \u2014combinaci\u00f3n de la palabra woman y bullying\u2014, as\u00ed como sus [&hellip;]<\/p>\n","protected":false},"author":2,"featured_media":249062,"comment_status":"closed","ping_status":"closed","sticky":false,"template":"","format":"standard","meta":{"footnotes":""},"categories":[12868],"tags":[12879],"class_list":["post-249061","post","type-post","status-publish","format-standard","has-post-thumbnail","hentry","category-politica","tag-politica"],"jetpack_featured_media_url":"https:\/\/rnoticias.com.mx\/Portal\/wp-content\/uploads\/2026\/03\/WhatsApp-Image-2026-03-10-at-7.28.16-PM.jpeg","amp_enabled":true,"_links":{"self":[{"href":"https:\/\/rnoticias.com.mx\/Portal\/wp-json\/wp\/v2\/posts\/249061","targetHints":{"allow":["GET"]}}],"collection":[{"href":"https:\/\/rnoticias.com.mx\/Portal\/wp-json\/wp\/v2\/posts"}],"about":[{"href":"https:\/\/rnoticias.com.mx\/Portal\/wp-json\/wp\/v2\/types\/post"}],"author":[{"embeddable":true,"href":"https:\/\/rnoticias.com.mx\/Portal\/wp-json\/wp\/v2\/users\/2"}],"replies":[{"embeddable":true,"href":"https:\/\/rnoticias.com.mx\/Portal\/wp-json\/wp\/v2\/comments?post=249061"}],"version-history":[{"count":1,"href":"https:\/\/rnoticias.com.mx\/Portal\/wp-json\/wp\/v2\/posts\/249061\/revisions"}],"predecessor-version":[{"id":249063,"href":"https:\/\/rnoticias.com.mx\/Portal\/wp-json\/wp\/v2\/posts\/249061\/revisions\/249063"}],"wp:featuredmedia":[{"embeddable":true,"href":"https:\/\/rnoticias.com.mx\/Portal\/wp-json\/wp\/v2\/media\/249062"}],"wp:attachment":[{"href":"https:\/\/rnoticias.com.mx\/Portal\/wp-json\/wp\/v2\/media?parent=249061"}],"wp:term":[{"taxonomy":"category","embeddable":true,"href":"https:\/\/rnoticias.com.mx\/Portal\/wp-json\/wp\/v2\/categories?post=249061"},{"taxonomy":"post_tag","embeddable":true,"href":"https:\/\/rnoticias.com.mx\/Portal\/wp-json\/wp\/v2\/tags?post=249061"}],"curies":[{"name":"wp","href":"https:\/\/api.w.org\/{rel}","templated":true}]}}