{"id":249024,"date":"2026-03-14T12:18:36","date_gmt":"2026-03-14T19:18:36","guid":{"rendered":"https:\/\/rnoticias.com.mx\/Portal\/?p=249024"},"modified":"2026-03-14T12:18:36","modified_gmt":"2026-03-14T19:18:36","slug":"corea-del-norte-lanzo-multiples-misiles-balisticos-este-sabado-segun-ee-uu","status":"publish","type":"post","link":"https:\/\/rnoticias.com.mx\/Portal\/2026\/03\/14\/corea-del-norte-lanzo-multiples-misiles-balisticos-este-sabado-segun-ee-uu\/","title":{"rendered":"Corea del Norte lanz\u00f3 m\u00faltiples misiles bal\u00edsticos este s\u00e1bado, seg\u00fan EE.UU."},"content":{"rendered":"<p class=\"mb-4 text-lg md:leading-8 break-words\">Corea del Norte lanz\u00f3 m\u00faltiples misiles bal\u00edsticos el s\u00e1bado, seg\u00fan el Comando Indo-Pac\u00edfico de EE.UU.<\/p>\n<p class=\"mb-4 text-lg md:leading-8 break-words\">Los lanzamientos no representan una amenaza inmediata para el personal o el territorio de EE.UU., ni para sus aliados, de acuerdo con las evaluaciones actuales. As\u00ed lo indic\u00f3 el comando en un comunicado, que a\u00f1ade que se encuentra realizando consultas con sus aliados y socios.<\/p>\n<p class=\"mb-4 text-lg md:leading-8 break-words\">\u201cLa Rep\u00fablica Popular Democr\u00e1tica de Corea lanz\u00f3 m\u00faltiples misiles bal\u00edsticos el 14 de marzo de 2026\u201d, indica el comunicado, y agrega: \u201cEstados Unidos mantiene su compromiso con la defensa del territorio nacional estadounidense y de nuestros aliados en la regi\u00f3n\u201d.<\/p>\n<p class=\"mb-4 text-lg md:leading-8 break-words\">Estos lanzamientos se producen semanas despu\u00e9s de que el l\u00edder norcoreano, Kim Jong Un, prometiera fortalecer el programa nuclear de su pa\u00eds durante un discurso ante el congreso del partido gobernante.<\/p>\n<p class=\"mb-4 text-lg md:leading-8 break-words\">Will Ripley, de CNN, contribuy\u00f3 a este informe.<\/p>\n","protected":false},"excerpt":{"rendered":"<p>Corea del Norte lanz\u00f3 m\u00faltiples misiles bal\u00edsticos el s\u00e1bado, seg\u00fan el Comando Indo-Pac\u00edfico de EE.UU. Los lanzamientos no representan una amenaza inmediata para el personal o el territorio de EE.UU., ni para sus aliados, de acuerdo con las evaluaciones actuales. As\u00ed lo indic\u00f3 el comando en un comunicado, que a\u00f1ade que se encuentra realizando consultas [&hellip;]<\/p>\n","protected":false},"author":2,"featured_media":249025,"comment_status":"closed","ping_status":"closed","sticky":false,"template":"","format":"standard","meta":{"footnotes":""},"categories":[12870,182],"tags":[12865,12871],"class_list":["post-249024","post","type-post","status-publish","format-standard","has-post-thumbnail","hentry","category-destacadas","category-internacional","tag-destacadas","tag-internacional"],"jetpack_featured_media_url":"https:\/\/rnoticias.com.mx\/Portal\/wp-content\/uploads\/2026\/03\/corea_del_norte_lanza_10_misiles_balisticos_durante_las_maniobras_militares_de_eeuu_y_corea_del_sur.jpg","amp_enabled":true,"_links":{"self":[{"href":"https:\/\/rnoticias.com.mx\/Portal\/wp-json\/wp\/v2\/posts\/249024","targetHints":{"allow":["GET"]}}],"collection":[{"href":"https:\/\/rnoticias.com.mx\/Portal\/wp-json\/wp\/v2\/posts"}],"about":[{"href":"https:\/\/rnoticias.com.mx\/Portal\/wp-json\/wp\/v2\/types\/post"}],"author":[{"embeddable":true,"href":"https:\/\/rnoticias.com.mx\/Portal\/wp-json\/wp\/v2\/users\/2"}],"replies":[{"embeddable":true,"href":"https:\/\/rnoticias.com.mx\/Portal\/wp-json\/wp\/v2\/comments?post=249024"}],"version-history":[{"count":1,"href":"https:\/\/rnoticias.com.mx\/Portal\/wp-json\/wp\/v2\/posts\/249024\/revisions"}],"predecessor-version":[{"id":249026,"href":"https:\/\/rnoticias.com.mx\/Portal\/wp-json\/wp\/v2\/posts\/249024\/revisions\/249026"}],"wp:featuredmedia":[{"embeddable":true,"href":"https:\/\/rnoticias.com.mx\/Portal\/wp-json\/wp\/v2\/media\/249025"}],"wp:attachment":[{"href":"https:\/\/rnoticias.com.mx\/Portal\/wp-json\/wp\/v2\/media?parent=249024"}],"wp:term":[{"taxonomy":"category","embeddable":true,"href":"https:\/\/rnoticias.com.mx\/Portal\/wp-json\/wp\/v2\/categories?post=249024"},{"taxonomy":"post_tag","embeddable":true,"href":"https:\/\/rnoticias.com.mx\/Portal\/wp-json\/wp\/v2\/tags?post=249024"}],"curies":[{"name":"wp","href":"https:\/\/api.w.org\/{rel}","templated":true}]}}