{"id":249016,"date":"2026-03-14T12:09:40","date_gmt":"2026-03-14T19:09:40","guid":{"rendered":"https:\/\/rnoticias.com.mx\/Portal\/?p=249016"},"modified":"2026-03-14T12:09:40","modified_gmt":"2026-03-14T19:09:40","slug":"donald-trump-ya-no-pretende-ganar-el-nobel-de-la-paz","status":"publish","type":"post","link":"https:\/\/rnoticias.com.mx\/Portal\/2026\/03\/14\/donald-trump-ya-no-pretende-ganar-el-nobel-de-la-paz\/","title":{"rendered":"Donald Trump ya no pretende ganar el Nobel de la Paz"},"content":{"rendered":"<p><a href=\"https:\/\/x.com\/realDonaldTrump?s=20\">Donald Trump<\/a>, ha afirmado en una entrevista con el peri\u00f3dico conservador The Washington Examiner que ya no pretende ganar el Nobel de la Paz.<\/p>\n<p>Cuando se cumplen trece d\u00edas de la guerra con Ir\u00e1n, el presidente de los Estados Unidos ya no esta interesado en el\u00a0<strong>Premio Nobel de la Paz<\/strong>, un galard\u00f3n que hab\u00eda deseado durante mucho tiempo.<\/p>\n<p>En una breve entrevista telef\u00f3nica con el diario\u00a0<em>The Washington Examiner<\/em>, Trump declar\u00f3 que no tiene ni idea de si la ofensiva, lanzada el 28 de febrero junto a Israel y bautizada como\u00a0<strong>Furia \u00c9pica<\/strong>\u00a0por el Pent\u00e1gono, afectar\u00e1 a sus aspiraciones al Nobel.<\/p>\n<p>\u201cNo lo s\u00e9\u201d, respondi\u00f3\u00a0<a href=\"https:\/\/www.capitalmexico.com.mx\/mundo\/otra-estatua-en-washington-ahora-de-trump-y-einstein-al-estilo-titanic\/\">Donald Trump<\/a>, quien agreg\u00f3: \u201cNo estoy interesado en eso\u201d.<\/p>\n<p>Tambi\u00e9n neg\u00f3 haber abordado el tema del Nobel durante las \u00faltimas conversaciones que ha mantenido con l\u00edderes mundiales.<\/p>\n<p>Reportes afirman que Estados Unidos podr\u00eda haber sido responsable del bombardeo contra una escuela de ni\u00f1as en Minab, en el sur de Ir\u00e1n, donde murieron unas 180 personas, una investigaci\u00f3n preliminar del Pent\u00e1gono a la que tuvo acceso\u00a0<em>The New York Times<\/em>\u00a0y lo confirman.<\/p>\n<p>Sin embargo, el mandatario ha acusado a Ir\u00e1n de ser responsable del ataque a la escuela, ha dicho que acatar\u00e1 lo que determine la investigaci\u00f3n.<\/p>\n<p>La guerra, en la que han muerto siete militares estadounidenses y que ha provocado un aumento del precio de la gasolina por el bloqueo en el golfo P\u00e9rsico, podr\u00eda pasar factura a Trump de cara a las elecciones de medio mandato de noviembre, en las que est\u00e1 en juego la mayor\u00eda republicana en el Congreso.<\/p>\n","protected":false},"excerpt":{"rendered":"<p>Donald Trump, ha afirmado en una entrevista con el peri\u00f3dico conservador The Washington Examiner que ya no pretende ganar el Nobel de la Paz. Cuando se cumplen trece d\u00edas de la guerra con Ir\u00e1n, el presidente de los Estados Unidos ya no esta interesado en el\u00a0Premio Nobel de la Paz, un galard\u00f3n que hab\u00eda deseado [&hellip;]<\/p>\n","protected":false},"author":2,"featured_media":249017,"comment_status":"closed","ping_status":"closed","sticky":false,"template":"","format":"standard","meta":{"footnotes":""},"categories":[12870,182],"tags":[12865,12871],"class_list":["post-249016","post","type-post","status-publish","format-standard","has-post-thumbnail","hentry","category-destacadas","category-internacional","tag-destacadas","tag-internacional"],"jetpack_featured_media_url":"https:\/\/rnoticias.com.mx\/Portal\/wp-content\/uploads\/2026\/03\/ZTXZTOIELRDSZJGG7NR4L3Y7EU.jpg","amp_enabled":true,"_links":{"self":[{"href":"https:\/\/rnoticias.com.mx\/Portal\/wp-json\/wp\/v2\/posts\/249016","targetHints":{"allow":["GET"]}}],"collection":[{"href":"https:\/\/rnoticias.com.mx\/Portal\/wp-json\/wp\/v2\/posts"}],"about":[{"href":"https:\/\/rnoticias.com.mx\/Portal\/wp-json\/wp\/v2\/types\/post"}],"author":[{"embeddable":true,"href":"https:\/\/rnoticias.com.mx\/Portal\/wp-json\/wp\/v2\/users\/2"}],"replies":[{"embeddable":true,"href":"https:\/\/rnoticias.com.mx\/Portal\/wp-json\/wp\/v2\/comments?post=249016"}],"version-history":[{"count":1,"href":"https:\/\/rnoticias.com.mx\/Portal\/wp-json\/wp\/v2\/posts\/249016\/revisions"}],"predecessor-version":[{"id":249018,"href":"https:\/\/rnoticias.com.mx\/Portal\/wp-json\/wp\/v2\/posts\/249016\/revisions\/249018"}],"wp:featuredmedia":[{"embeddable":true,"href":"https:\/\/rnoticias.com.mx\/Portal\/wp-json\/wp\/v2\/media\/249017"}],"wp:attachment":[{"href":"https:\/\/rnoticias.com.mx\/Portal\/wp-json\/wp\/v2\/media?parent=249016"}],"wp:term":[{"taxonomy":"category","embeddable":true,"href":"https:\/\/rnoticias.com.mx\/Portal\/wp-json\/wp\/v2\/categories?post=249016"},{"taxonomy":"post_tag","embeddable":true,"href":"https:\/\/rnoticias.com.mx\/Portal\/wp-json\/wp\/v2\/tags?post=249016"}],"curies":[{"name":"wp","href":"https:\/\/api.w.org\/{rel}","templated":true}]}}