{"id":248991,"date":"2026-03-14T11:54:18","date_gmt":"2026-03-14T18:54:18","guid":{"rendered":"https:\/\/rnoticias.com.mx\/Portal\/?p=248991"},"modified":"2026-03-14T11:54:18","modified_gmt":"2026-03-14T18:54:18","slug":"gobierno-de-sonora-acerca-servicios-gratuitos-a-familias-de-hermosillo-con-brigada-de-voluntariados-cerca-de-ti","status":"publish","type":"post","link":"https:\/\/rnoticias.com.mx\/Portal\/2026\/03\/14\/gobierno-de-sonora-acerca-servicios-gratuitos-a-familias-de-hermosillo-con-brigada-de-voluntariados-cerca-de-ti\/","title":{"rendered":"Gobierno de Sonora acerca servicios gratuitos a familias de Hermosillo con Brigada de Voluntariados \u201cCerca de Ti\u201d"},"content":{"rendered":"<p>Hermosillo, Sonora; 14 de marzo de 2026.- El Gobierno de Sonora, a trav\u00e9s del Sistema DIF Sonora, llev\u00f3 a cabo la Brigada de Voluntariados \u201cCerca de Ti\u201d en la Escuela Santiago Felipe Xicot\u00e9ncatl, en Hermosillo, con el objetivo de acercar servicios y apoyos totalmente gratuitos a las familias de la colonia Adolfo L\u00f3pez Mateos y sectores aleda\u00f1os.<\/p>\n<p>En cumplimiento a la instrucci\u00f3n del gobernador Alfonso Durazo de mantener un gobierno cercano y sensible a las necesidades de la gente, DIF Sonora sum\u00f3 esfuerzos con los voluntariados para brindar atenci\u00f3n directa en materia de salud, asistencia social y gesti\u00f3n de tr\u00e1mites, facilitando el acceso a servicios esenciales sin costo alguno.<\/p>\n<p>La presidenta honoraria del Sistema DIF Sonora, Roc\u00edo Ch\u00e1vez Murillo, estuvo presente durante la jornada, donde convivi\u00f3 con las familias asistentes, recorri\u00f3 los m\u00f3dulos de atenci\u00f3n y reiter\u00f3 la importancia de trabajar en equipo para acercar apoyos que contribuyan al bienestar de las comunidades.<\/p>\n<p>La directora general de DIF Sonora, Lizeth V\u00e1squez Ochoa, destac\u00f3 que estas brigadas permiten escuchar y atender de manera inmediata a ni\u00f1as, ni\u00f1os, adolescentes, personas mayores y personas con discapacidad, fortaleciendo el bienestar de las familias sonorenses a trav\u00e9s de acciones concretas y solidarias, reafirmando su compromiso de seguir trabajando en territorio, acercando programas y servicios que impacten positivamente en la calidad de vida de la poblaci\u00f3n y consoliden un estado m\u00e1s justo, solidario e incluyente.<\/p>\n<p>Durante la jornada se ofrecieron consulta general y pedi\u00e1trica, vacunaci\u00f3n, examen de Papanicolaou, esterilizaci\u00f3n y vacunaci\u00f3n canina y felina, expedici\u00f3n de actas de nacimiento, matrimonio y defunci\u00f3n, credenciales para transporte urbano, examen de la vista, adem\u00e1s de entrega de ropa, calzado, paquetes alimentarios, productos de higiene y art\u00edculos para el hogar. Tambi\u00e9n se brindaron servicios de corte de cabello, bolsa de trabajo y orientaci\u00f3n para tr\u00e1mites de becas.<\/p>\n","protected":false},"excerpt":{"rendered":"<p>Hermosillo, Sonora; 14 de marzo de 2026.- El Gobierno de Sonora, a trav\u00e9s del Sistema DIF Sonora, llev\u00f3 a cabo la Brigada de Voluntariados \u201cCerca de Ti\u201d en la Escuela Santiago Felipe Xicot\u00e9ncatl, en Hermosillo, con el objetivo de acercar servicios y apoyos totalmente gratuitos a las familias de la colonia Adolfo L\u00f3pez Mateos y [&hellip;]<\/p>\n","protected":false},"author":2,"featured_media":248992,"comment_status":"closed","ping_status":"closed","sticky":false,"template":"","format":"standard","meta":{"footnotes":""},"categories":[12870,178],"tags":[12865,12869],"class_list":["post-248991","post","type-post","status-publish","format-standard","has-post-thumbnail","hentry","category-destacadas","category-local","tag-destacadas","tag-local"],"jetpack_featured_media_url":"https:\/\/rnoticias.com.mx\/Portal\/wp-content\/uploads\/2026\/03\/unnamed-2-13.jpg","amp_enabled":true,"_links":{"self":[{"href":"https:\/\/rnoticias.com.mx\/Portal\/wp-json\/wp\/v2\/posts\/248991","targetHints":{"allow":["GET"]}}],"collection":[{"href":"https:\/\/rnoticias.com.mx\/Portal\/wp-json\/wp\/v2\/posts"}],"about":[{"href":"https:\/\/rnoticias.com.mx\/Portal\/wp-json\/wp\/v2\/types\/post"}],"author":[{"embeddable":true,"href":"https:\/\/rnoticias.com.mx\/Portal\/wp-json\/wp\/v2\/users\/2"}],"replies":[{"embeddable":true,"href":"https:\/\/rnoticias.com.mx\/Portal\/wp-json\/wp\/v2\/comments?post=248991"}],"version-history":[{"count":1,"href":"https:\/\/rnoticias.com.mx\/Portal\/wp-json\/wp\/v2\/posts\/248991\/revisions"}],"predecessor-version":[{"id":248993,"href":"https:\/\/rnoticias.com.mx\/Portal\/wp-json\/wp\/v2\/posts\/248991\/revisions\/248993"}],"wp:featuredmedia":[{"embeddable":true,"href":"https:\/\/rnoticias.com.mx\/Portal\/wp-json\/wp\/v2\/media\/248992"}],"wp:attachment":[{"href":"https:\/\/rnoticias.com.mx\/Portal\/wp-json\/wp\/v2\/media?parent=248991"}],"wp:term":[{"taxonomy":"category","embeddable":true,"href":"https:\/\/rnoticias.com.mx\/Portal\/wp-json\/wp\/v2\/categories?post=248991"},{"taxonomy":"post_tag","embeddable":true,"href":"https:\/\/rnoticias.com.mx\/Portal\/wp-json\/wp\/v2\/tags?post=248991"}],"curies":[{"name":"wp","href":"https:\/\/api.w.org\/{rel}","templated":true}]}}