{"id":248955,"date":"2026-03-14T10:20:32","date_gmt":"2026-03-14T17:20:32","guid":{"rendered":"https:\/\/rnoticias.com.mx\/Portal\/?p=248955"},"modified":"2026-03-14T10:20:32","modified_gmt":"2026-03-14T17:20:32","slug":"mexico-analizara-levantar-la-suspension-a-la-importacion-de-carne-de-cerdo-de-espana","status":"publish","type":"post","link":"https:\/\/rnoticias.com.mx\/Portal\/2026\/03\/14\/mexico-analizara-levantar-la-suspension-a-la-importacion-de-carne-de-cerdo-de-espana\/","title":{"rendered":"M\u00e9xico analizar\u00e1 levantar la suspensi\u00f3n a la importaci\u00f3n de carne de cerdo de Espa\u00f1a"},"content":{"rendered":"<p><strong>\u00a0El ministro de Agricultura, Pesca y Alimentaci\u00f3n espa\u00f1ol, Luis Planas, asegur\u00f3 que el Gobierno mexicano revisar\u00e1 la suspensi\u00f3n de las importaciones de carne de cerdo desde Espa\u00f1a decretado a final de 2025 por el brote de peste porcina africana<\/strong>\u00a0(PPA), al tiempo que mostr\u00f3 su confianza de que se pueda levantar la medida ante la evoluci\u00f3n de los casos.<\/p>\n<p>Seg\u00fan Planas, as\u00ed se lo coment\u00f3 su hom\u00f3logo mexicano, Julio Antonio Berdegu\u00e9, en una reuni\u00f3n\u00a0<strong>&#8220;muy positiva&#8221; que mantuvieron esta ma\u00f1ana en la sede de la Secretar\u00eda de Agricultura y Desarrollo Rural en Ciudad de M\u00e9xico, un encuentro que enmarc\u00f3 en la &#8220;buena&#8221; relaci\u00f3n entre ambos pa\u00edses.<\/strong><\/p>\n<p><strong>&#8220;En la reuni\u00f3n le he trasladado al secretario mi deseo de que se planteara una revisi\u00f3n por parte de M\u00e9xico de esa posici\u00f3n en relaci\u00f3n con la regionalizaci\u00f3n. La respuesta que he obtenido por parte del secretario es que, efectivamente, me ha indicado que se efectuar\u00eda esta revisi\u00f3n&#8221;<\/strong>, dijo el ministro en una rueda de prensa en la residencia del embajador espa\u00f1ol en el pa\u00eds norteamericano al t\u00e9rmino de su visita oficial.<\/p>\n<p>El titular de Agricultura del Gobierno espa\u00f1ol destac\u00f3 que esta petici\u00f3n tuvo una<strong>\u00a0&#8220;buena acogida&#8221; por parte de Berdegu\u00e9, y subray\u00f3 que &#8220;hay buenos argumentos&#8221; para levantar la medida y que solo se focalice en la zona afectada por el brote, principalmente la ciudad de Barcelona.<\/strong><\/p>\n<p>Planas afirm\u00f3 que respetar\u00e1 el resultado de esa revisi\u00f3n al ser una decisi\u00f3n\u00a0<strong>&#8220;soberana&#8221; de M\u00e9xico, pero a\u00f1adi\u00f3 que Espa\u00f1a es un pa\u00eds &#8220;serio, riguroso, con un estado muy alto de sanidad animal&#8221;.<\/strong><\/p>\n<p><strong>&#8220;Espero que podamos avanzar en esa materia, cooperando y levantando esas restricciones de exportaci\u00f3n de Espa\u00f1a a M\u00e9xico que est\u00e1n actualmente vigentes&#8221;,<\/strong>\u00a0apunt\u00f3.<\/p>\n<p>Reuni\u00f3n con el sector agrario por la guerra en Ir\u00e1n<\/p>\n<p>Por otra parte, el ministro anunci\u00f3 que el pr\u00f3ximo lunes se reunir\u00e1 con representantes del sector agr\u00edcola y pesquero en Espa\u00f1a para abordar posibles medidas de contenci\u00f3n de precios por el conflicto en Oriente Medio, que puede llegar a afectar al coste de los alimentos o fertilizantes.<\/p>\n<p><strong>El encuentro, a\u00f1adi\u00f3, servir\u00e1 para que les trasladen sus inquietudes y las medidas que deber\u00eda tomar el Gobierno espa\u00f1ol ante la escalada b\u00e9lica entre Estados Unidos e Israel contra Ir\u00e1n.<\/strong><\/p>\n<p>&#8220;Estamos haciendo un seguimiento muy de cerca de esta disrupci\u00f3n que se ha producido en los mercados energ\u00e9ticos&#8221;, explic\u00f3 Planas, quien descart\u00f3 que en el corto plazo vaya a haber un problema de desabastecimiento de fertilizantes pese a los temores del sector.<\/p>\n<p>Ante esta situaci\u00f3n, subray\u00f3 que el Ejecutivo est\u00e1 trabajando en un paquete de medidas que se llevar\u00e1 al Consejo de Ministros<strong>\u00a0&#8220;en el momento que tengamos claros los instrumentos de respuesta&#8221;.<\/strong><\/p>\n<p>La guerra en el golfo P\u00e9rsico ha generado desde su inicio, el 28 de febrero, una fuerte tensi\u00f3n sobre los suministros mundiales de petr\u00f3leo y gas, principalmente por el bloqueo casi total del tr\u00e1fico mar\u00edtimo en el estrecho de Ormuz, por donde transita alrededor del 20 % del crudo y del gas natural licuado que se consume en el mundo.<\/p>\n<p><strong>El conflicto, que ha provocado una escalada significativa de los precios, ha conllevado ataques contra instalaciones energ\u00e9ticas, incluidas refiner\u00edas, plantas de gas y campos petroleros.<\/strong><\/p>\n","protected":false},"excerpt":{"rendered":"<p>\u00a0El ministro de Agricultura, Pesca y Alimentaci\u00f3n espa\u00f1ol, Luis Planas, asegur\u00f3 que el Gobierno mexicano revisar\u00e1 la suspensi\u00f3n de las importaciones de carne de cerdo desde Espa\u00f1a decretado a final de 2025 por el brote de peste porcina africana\u00a0(PPA), al tiempo que mostr\u00f3 su confianza de que se pueda levantar la medida ante la evoluci\u00f3n [&hellip;]<\/p>\n","protected":false},"author":2,"featured_media":248956,"comment_status":"closed","ping_status":"closed","sticky":false,"template":"","format":"standard","meta":{"footnotes":""},"categories":[12870,172],"tags":[12865,12874],"class_list":["post-248955","post","type-post","status-publish","format-standard","has-post-thumbnail","hentry","category-destacadas","category-nacional","tag-destacadas","tag-nacional"],"jetpack_featured_media_url":"https:\/\/rnoticias.com.mx\/Portal\/wp-content\/uploads\/2026\/03\/1410686xeu20260313221247.webp","amp_enabled":true,"_links":{"self":[{"href":"https:\/\/rnoticias.com.mx\/Portal\/wp-json\/wp\/v2\/posts\/248955","targetHints":{"allow":["GET"]}}],"collection":[{"href":"https:\/\/rnoticias.com.mx\/Portal\/wp-json\/wp\/v2\/posts"}],"about":[{"href":"https:\/\/rnoticias.com.mx\/Portal\/wp-json\/wp\/v2\/types\/post"}],"author":[{"embeddable":true,"href":"https:\/\/rnoticias.com.mx\/Portal\/wp-json\/wp\/v2\/users\/2"}],"replies":[{"embeddable":true,"href":"https:\/\/rnoticias.com.mx\/Portal\/wp-json\/wp\/v2\/comments?post=248955"}],"version-history":[{"count":1,"href":"https:\/\/rnoticias.com.mx\/Portal\/wp-json\/wp\/v2\/posts\/248955\/revisions"}],"predecessor-version":[{"id":248957,"href":"https:\/\/rnoticias.com.mx\/Portal\/wp-json\/wp\/v2\/posts\/248955\/revisions\/248957"}],"wp:featuredmedia":[{"embeddable":true,"href":"https:\/\/rnoticias.com.mx\/Portal\/wp-json\/wp\/v2\/media\/248956"}],"wp:attachment":[{"href":"https:\/\/rnoticias.com.mx\/Portal\/wp-json\/wp\/v2\/media?parent=248955"}],"wp:term":[{"taxonomy":"category","embeddable":true,"href":"https:\/\/rnoticias.com.mx\/Portal\/wp-json\/wp\/v2\/categories?post=248955"},{"taxonomy":"post_tag","embeddable":true,"href":"https:\/\/rnoticias.com.mx\/Portal\/wp-json\/wp\/v2\/tags?post=248955"}],"curies":[{"name":"wp","href":"https:\/\/api.w.org\/{rel}","templated":true}]}}