{"id":248952,"date":"2026-03-14T10:10:55","date_gmt":"2026-03-14T17:10:55","guid":{"rendered":"https:\/\/rnoticias.com.mx\/Portal\/?p=248952"},"modified":"2026-03-14T10:10:55","modified_gmt":"2026-03-14T17:10:55","slug":"ine-sonora-realiza-conversatorio-liderazgo-politico-y-prevencion-de-la-violencia-politica-contra-las-mujeres-en-razon-de-genero","status":"publish","type":"post","link":"https:\/\/rnoticias.com.mx\/Portal\/2026\/03\/14\/ine-sonora-realiza-conversatorio-liderazgo-politico-y-prevencion-de-la-violencia-politica-contra-las-mujeres-en-razon-de-genero\/","title":{"rendered":"INE Sonora realiza Conversatorio \u201cLiderazgo Pol\u00edtico y Prevenci\u00f3n de la Violencia Pol\u00edtica contra las Mujeres en Raz\u00f3n de G\u00e9nero\u201d"},"content":{"rendered":"<p class=\"x_MsoNormal\"><span data-olk-copy-source=\"MessageBody\">En las instalaciones del TEC de Monterrey, mediante mesas de discusi\u00f3n,\u00a0<\/span>la Junta Local Ejecutiva (JLE) del INE en Sonora en coordinaci\u00f3n con el TEC de Monterrey campus Sonora Norte, el Instituto Estatal Electoral y de Participaci\u00f3n Ciudadana de Sonora (IEEyPC), el Instituto Hermosillense de la Juventud (IHJ) y la Asociaci\u00f3n Civil Observatoria Todas MX Sonora, realizaron el Conversatorio \u201cLiderazgo Pol\u00edtico y Prevenci\u00f3n de la Violencia Pol\u00edtica Contra las Mujeres en Raz\u00f3n de G\u00e9nero (VPMRG)\u201d.<\/p>\n<p class=\"x_MsoNormal\">La bienvenida y presentaci\u00f3n de las y los ponentes y relatores estuvo a cargo de la Mtra. Ver\u00f3nica Sandoval Casta\u00f1eda, Vocal Ejecutiva de la JLE del INE en Sonora, durante su mensaje destac\u00f3 que este tipo de actividades forma parte del Plan Estrat\u00e9gico 2016-2026 del INE.<\/p>\n<p class=\"x_MsoNormal\">\n<p class=\"x_MsoNormal\">En este sentido, se\u00f1al\u00f3 que el objetivo es generar un espacio de reflexi\u00f3n entre las y los j\u00f3venes asistentes, que permita promover la formaci\u00f3n de ciudadan\u00eda, el respeto a los derechos humanos de las mujeres en el \u00e1mbito pol\u00edtico-electoral, y la prevenci\u00f3n y atenci\u00f3n de la Violencia Pol\u00edtica contra las Mujeres en Raz\u00f3n de G\u00e9nero, a fin de fortalecer la vida democr\u00e1tica de la entidad y fomentar su participaci\u00f3n en los procesos democr\u00e1ticos.<\/p>\n<p class=\"x_MsoNormal\">\n<p class=\"x_MsoNormal\">Por su parte, la Lic. Jannet Piteros M\u00e9ndez, Vocal de Capacitaci\u00f3n Electoral y Educaci\u00f3n C\u00edvica de la JLE del INE en Sonora, realiz\u00f3 una breve presentaci\u00f3n de datos relevantes arrojados por el Diagn\u00f3stico Participativo para el estado de Sonora.<\/p>\n<p class=\"x_MsoNormal\">\n<p class=\"x_MsoNormal\">Explic\u00f3 el objetivo y din\u00e1mica de las mesas de discusi\u00f3n, se\u00f1alando que, mediante preguntas detonadoras correspondientes a cada una de las tem\u00e1ticas, se alentar\u00e1 la participaci\u00f3n de las y los j\u00f3venes participantes.<\/p>\n<p class=\"x_MsoNormal\">\n<p class=\"x_MsoNormal\">El conversatorio se realiz\u00f3 mediante cuatro mesas de discusi\u00f3n, en las que, a trav\u00e9s del di\u00e1logo abierto, se deliber\u00f3 las tem\u00e1ticas siguientes: 1) Formaci\u00f3n de ciudadan\u00eda y liderazgo pol\u00edtico de las juventudes; 2) Respeto a los derechos humanos de las mujeres en el \u00e1mbito pol\u00edtico-electoral; 3) Participaci\u00f3n de las juventudes en las causas sociales en el marco de la educaci\u00f3n c\u00edvica; y 4) Ciberactivismo, prevenci\u00f3n y atenci\u00f3n de la VPMRG.<\/p>\n<p class=\"x_MsoNormal\">\n<p class=\"x_MsoNormal\">Las ponencias estuvieron a cargo de: Ing. Francisco Antonio Villaescusa Carrillo, Director del Instituto Hermosillense de la Juventud; Dra. Lizette Georgina Sandoval Meneses, Integrante del \u00d3rgano Coordinador de la A.C. Observatoria Todas MX Sonora; Mtra. Mar\u00eda Ang\u00e9lica L\u00f3pez S\u00e1nchez, Directora de la Escuela de Ciencias Sociales y Gobierno del TEC de Monterrey Campus Sonora Norte; y el Lic. Rogelio Aidan Long Rodr\u00edguez, Coordinador de Sustanciaci\u00f3n y Tramitaci\u00f3n de Denuncias en la Direcci\u00f3n Ejecutiva de Asuntos Jur\u00eddicos del IEEyPC de Sonora, respectivamente.<\/p>\n<p class=\"x_MsoNormal\">\n<p class=\"x_MsoNormal\">Finalmente, las y los integrantes de las mesas de discusi\u00f3n, pudieron identificar problem\u00e1ticas, acciones e instancias responsables de ejecutarlas y las acciones prioritarias para brindar una atenci\u00f3n adecuada. Todos estos resultados formar\u00e1n parte de un Dec\u00e1logo de Atenci\u00f3n a Mujeres en situaci\u00f3n de Violencia Pol\u00edtica contra las Mujeres en Raz\u00f3n de G\u00e9nero.<\/p>\n","protected":false},"excerpt":{"rendered":"<p>En las instalaciones del TEC de Monterrey, mediante mesas de discusi\u00f3n,\u00a0la Junta Local Ejecutiva (JLE) del INE en Sonora en coordinaci\u00f3n con el TEC de Monterrey campus Sonora Norte, el Instituto Estatal Electoral y de Participaci\u00f3n Ciudadana de Sonora (IEEyPC), el Instituto Hermosillense de la Juventud (IHJ) y la Asociaci\u00f3n Civil Observatoria Todas MX Sonora, [&hellip;]<\/p>\n","protected":false},"author":2,"featured_media":248953,"comment_status":"closed","ping_status":"closed","sticky":false,"template":"","format":"standard","meta":{"footnotes":""},"categories":[12870,12868],"tags":[12865,12879],"class_list":["post-248952","post","type-post","status-publish","format-standard","has-post-thumbnail","hentry","category-destacadas","category-politica","tag-destacadas","tag-politica"],"jetpack_featured_media_url":"https:\/\/rnoticias.com.mx\/Portal\/wp-content\/uploads\/2026\/03\/5-Sonora_Bol-7-2026.jpg","amp_enabled":true,"_links":{"self":[{"href":"https:\/\/rnoticias.com.mx\/Portal\/wp-json\/wp\/v2\/posts\/248952","targetHints":{"allow":["GET"]}}],"collection":[{"href":"https:\/\/rnoticias.com.mx\/Portal\/wp-json\/wp\/v2\/posts"}],"about":[{"href":"https:\/\/rnoticias.com.mx\/Portal\/wp-json\/wp\/v2\/types\/post"}],"author":[{"embeddable":true,"href":"https:\/\/rnoticias.com.mx\/Portal\/wp-json\/wp\/v2\/users\/2"}],"replies":[{"embeddable":true,"href":"https:\/\/rnoticias.com.mx\/Portal\/wp-json\/wp\/v2\/comments?post=248952"}],"version-history":[{"count":1,"href":"https:\/\/rnoticias.com.mx\/Portal\/wp-json\/wp\/v2\/posts\/248952\/revisions"}],"predecessor-version":[{"id":248954,"href":"https:\/\/rnoticias.com.mx\/Portal\/wp-json\/wp\/v2\/posts\/248952\/revisions\/248954"}],"wp:featuredmedia":[{"embeddable":true,"href":"https:\/\/rnoticias.com.mx\/Portal\/wp-json\/wp\/v2\/media\/248953"}],"wp:attachment":[{"href":"https:\/\/rnoticias.com.mx\/Portal\/wp-json\/wp\/v2\/media?parent=248952"}],"wp:term":[{"taxonomy":"category","embeddable":true,"href":"https:\/\/rnoticias.com.mx\/Portal\/wp-json\/wp\/v2\/categories?post=248952"},{"taxonomy":"post_tag","embeddable":true,"href":"https:\/\/rnoticias.com.mx\/Portal\/wp-json\/wp\/v2\/tags?post=248952"}],"curies":[{"name":"wp","href":"https:\/\/api.w.org\/{rel}","templated":true}]}}