{"id":248946,"date":"2026-03-14T10:00:06","date_gmt":"2026-03-14T17:00:06","guid":{"rendered":"https:\/\/rnoticias.com.mx\/Portal\/?p=248946"},"modified":"2026-03-14T10:00:06","modified_gmt":"2026-03-14T17:00:06","slug":"invita-gobierno-de-sonora-a-foro-sobre-autismo-y-tdah-para-fortalecer-la-inclusion-educativa","status":"publish","type":"post","link":"https:\/\/rnoticias.com.mx\/Portal\/2026\/03\/14\/invita-gobierno-de-sonora-a-foro-sobre-autismo-y-tdah-para-fortalecer-la-inclusion-educativa\/","title":{"rendered":"Invita Gobierno de Sonora a foro sobre autismo y TDAH para fortalecer la inclusi\u00f3n educativa"},"content":{"rendered":"<p>Hermosillo, Sonora; 14 de marzo de 2026.\u2013 Con el objetivo de fortalecer la inclusi\u00f3n educativa y contribuir al bienestar integral de ni\u00f1as, ni\u00f1os y adolescentes en la entidad, el Gobierno de Sonora, a trav\u00e9s de la Secretar\u00eda de Salud P\u00fablica, la Secretar\u00eda de Educaci\u00f3n y Cultura (SEC) y el Sistema de Protecci\u00f3n Integral de Ni\u00f1as, Ni\u00f1os y Adolescentes (Sipinna), en coordinaci\u00f3n con la Universidad de Sonora (Unison), invitan a seguir las transmisiones del Foro de Autismo y TDAH: \u201cLa inclusi\u00f3n transforma el aula\u201d.<\/p>\n<p>Este encuentro reunir\u00e1 a especialistas, docentes, estudiantes, madres, padres de familia y p\u00fablico en general interesados en fortalecer la comprensi\u00f3n y atenci\u00f3n de ni\u00f1as, ni\u00f1os y adolescentes con autismo o trastorno por d\u00e9ficit de atenci\u00f3n e hiperactividad (TDAH) dentro del entorno escolar.<\/p>\n<p>Actualmente, cada vez es m\u00e1s frecuente que estudiantes con estos diagn\u00f3sticos formen parte de grupos escolares regulares, por lo que resulta fundamental generar espacios de di\u00e1logo y aprendizaje que permitan a docentes y familias contar con herramientas adecuadas para acompa\u00f1ar su desarrollo acad\u00e9mico.<\/p>\n<p>Durante el foro se contar\u00e1 con la participaci\u00f3n de ponentes internacionales, nacionales y locales, quienes compartir\u00e1n investigaciones, experiencias y buenas pr\u00e1cticas en materia de inclusi\u00f3n educativa, as\u00ed como estrategias para fortalecer el trabajo conjunto entre docentes, familias y la comunidad escolar.<\/p>\n<p>El evento se realizar\u00e1 el martes 17 de marzo, de 8:00 a 13:00 horas, en el Centro de las Artes de la Universidad de Sonora y tambi\u00e9n podr\u00e1 seguirse de manera virtual a trav\u00e9s de las p\u00e1ginas oficiales de Facebook y YouTube de Salud de Sonora y UNISON TV.<\/p>\n","protected":false},"excerpt":{"rendered":"<p>Hermosillo, Sonora; 14 de marzo de 2026.\u2013 Con el objetivo de fortalecer la inclusi\u00f3n educativa y contribuir al bienestar integral de ni\u00f1as, ni\u00f1os y adolescentes en la entidad, el Gobierno de Sonora, a trav\u00e9s de la Secretar\u00eda de Salud P\u00fablica, la Secretar\u00eda de Educaci\u00f3n y Cultura (SEC) y el Sistema de Protecci\u00f3n Integral de Ni\u00f1as, [&hellip;]<\/p>\n","protected":false},"author":2,"featured_media":248947,"comment_status":"closed","ping_status":"closed","sticky":false,"template":"","format":"standard","meta":{"footnotes":""},"categories":[12870,178],"tags":[12865,12869],"class_list":["post-248946","post","type-post","status-publish","format-standard","has-post-thumbnail","hentry","category-destacadas","category-local","tag-destacadas","tag-local"],"jetpack_featured_media_url":"https:\/\/rnoticias.com.mx\/Portal\/wp-content\/uploads\/2026\/03\/unnamed-1-22.jpg","amp_enabled":true,"_links":{"self":[{"href":"https:\/\/rnoticias.com.mx\/Portal\/wp-json\/wp\/v2\/posts\/248946","targetHints":{"allow":["GET"]}}],"collection":[{"href":"https:\/\/rnoticias.com.mx\/Portal\/wp-json\/wp\/v2\/posts"}],"about":[{"href":"https:\/\/rnoticias.com.mx\/Portal\/wp-json\/wp\/v2\/types\/post"}],"author":[{"embeddable":true,"href":"https:\/\/rnoticias.com.mx\/Portal\/wp-json\/wp\/v2\/users\/2"}],"replies":[{"embeddable":true,"href":"https:\/\/rnoticias.com.mx\/Portal\/wp-json\/wp\/v2\/comments?post=248946"}],"version-history":[{"count":1,"href":"https:\/\/rnoticias.com.mx\/Portal\/wp-json\/wp\/v2\/posts\/248946\/revisions"}],"predecessor-version":[{"id":248948,"href":"https:\/\/rnoticias.com.mx\/Portal\/wp-json\/wp\/v2\/posts\/248946\/revisions\/248948"}],"wp:featuredmedia":[{"embeddable":true,"href":"https:\/\/rnoticias.com.mx\/Portal\/wp-json\/wp\/v2\/media\/248947"}],"wp:attachment":[{"href":"https:\/\/rnoticias.com.mx\/Portal\/wp-json\/wp\/v2\/media?parent=248946"}],"wp:term":[{"taxonomy":"category","embeddable":true,"href":"https:\/\/rnoticias.com.mx\/Portal\/wp-json\/wp\/v2\/categories?post=248946"},{"taxonomy":"post_tag","embeddable":true,"href":"https:\/\/rnoticias.com.mx\/Portal\/wp-json\/wp\/v2\/tags?post=248946"}],"curies":[{"name":"wp","href":"https:\/\/api.w.org\/{rel}","templated":true}]}}