{"id":248937,"date":"2026-03-14T09:40:04","date_gmt":"2026-03-14T16:40:04","guid":{"rendered":"https:\/\/rnoticias.com.mx\/Portal\/?p=248937"},"modified":"2026-03-14T09:40:04","modified_gmt":"2026-03-14T16:40:04","slug":"promueve-isj-la-participacion-de-las-mujeres-con-clase-masiva-de-zumba","status":"publish","type":"post","link":"https:\/\/rnoticias.com.mx\/Portal\/2026\/03\/14\/promueve-isj-la-participacion-de-las-mujeres-con-clase-masiva-de-zumba\/","title":{"rendered":"Promueve ISJ la participaci\u00f3n de las mujeres con clase masiva de zumba"},"content":{"rendered":"<p>Hermosillo, Sonora a 14 de marzo del 2026.- Con el objetivo de promover el bienestar integral, la salud y la participaci\u00f3n activa de las mujeres, el Gobierno de Sonora, a trav\u00e9s del Instituto Sonorense de la Juventud (ISJ), realiz\u00f3 una clase masiva de zumba en el marco de las actividades del D\u00eda Internacional de la Mujer.<\/p>\n<p>El evento se llev\u00f3 a cabo en el Parque de la Madre, en Hermosillo, y cont\u00f3 con la participaci\u00f3n de 10 instructores que durante casi dos horas ofrecieron coreograf\u00edas din\u00e1micas y llenas de energ\u00eda a m\u00e1s de 200 mujeres que se dieron cita para activarse y convivir.<\/p>\n<p>La titular del Instituto Sonorense de la Juventud, Rebeca Valenzuela \u00c1lvarez, destac\u00f3 que la finalidad de esta actividad fue generar un espacio de convivencia, activaci\u00f3n f\u00edsica y fortalecimiento del empoderamiento femenino.<\/p>\n<p>\u201cCon estas acciones buscamos reconocer el valor, la energ\u00eda y el papel fundamental que tienen las mujeres en la construcci\u00f3n de una sociedad m\u00e1s saludable, participativa e igualitaria\u201d, expres\u00f3.<\/p>\n<p>Agreg\u00f3 que esta actividad se suma al calendario de eventos organizado por el Instituto Sonorense de la Juventud durante el mes de marzo, enfocado en reconocer las aportaciones, liderazgo y participaci\u00f3n de las mujeres en distintos \u00e1mbitos.<\/p>\n","protected":false},"excerpt":{"rendered":"<p>Hermosillo, Sonora a 14 de marzo del 2026.- Con el objetivo de promover el bienestar integral, la salud y la participaci\u00f3n activa de las mujeres, el Gobierno de Sonora, a trav\u00e9s del Instituto Sonorense de la Juventud (ISJ), realiz\u00f3 una clase masiva de zumba en el marco de las actividades del D\u00eda Internacional de la [&hellip;]<\/p>\n","protected":false},"author":2,"featured_media":248938,"comment_status":"closed","ping_status":"closed","sticky":false,"template":"","format":"standard","meta":{"footnotes":""},"categories":[12870,178],"tags":[12865,12869],"class_list":["post-248937","post","type-post","status-publish","format-standard","has-post-thumbnail","hentry","category-destacadas","category-local","tag-destacadas","tag-local"],"jetpack_featured_media_url":"https:\/\/rnoticias.com.mx\/Portal\/wp-content\/uploads\/2026\/03\/unnamed-2-11.jpg","amp_enabled":true,"_links":{"self":[{"href":"https:\/\/rnoticias.com.mx\/Portal\/wp-json\/wp\/v2\/posts\/248937","targetHints":{"allow":["GET"]}}],"collection":[{"href":"https:\/\/rnoticias.com.mx\/Portal\/wp-json\/wp\/v2\/posts"}],"about":[{"href":"https:\/\/rnoticias.com.mx\/Portal\/wp-json\/wp\/v2\/types\/post"}],"author":[{"embeddable":true,"href":"https:\/\/rnoticias.com.mx\/Portal\/wp-json\/wp\/v2\/users\/2"}],"replies":[{"embeddable":true,"href":"https:\/\/rnoticias.com.mx\/Portal\/wp-json\/wp\/v2\/comments?post=248937"}],"version-history":[{"count":1,"href":"https:\/\/rnoticias.com.mx\/Portal\/wp-json\/wp\/v2\/posts\/248937\/revisions"}],"predecessor-version":[{"id":248939,"href":"https:\/\/rnoticias.com.mx\/Portal\/wp-json\/wp\/v2\/posts\/248937\/revisions\/248939"}],"wp:featuredmedia":[{"embeddable":true,"href":"https:\/\/rnoticias.com.mx\/Portal\/wp-json\/wp\/v2\/media\/248938"}],"wp:attachment":[{"href":"https:\/\/rnoticias.com.mx\/Portal\/wp-json\/wp\/v2\/media?parent=248937"}],"wp:term":[{"taxonomy":"category","embeddable":true,"href":"https:\/\/rnoticias.com.mx\/Portal\/wp-json\/wp\/v2\/categories?post=248937"},{"taxonomy":"post_tag","embeddable":true,"href":"https:\/\/rnoticias.com.mx\/Portal\/wp-json\/wp\/v2\/tags?post=248937"}],"curies":[{"name":"wp","href":"https:\/\/api.w.org\/{rel}","templated":true}]}}