{"id":248931,"date":"2026-03-14T09:37:37","date_gmt":"2026-03-14T16:37:37","guid":{"rendered":"https:\/\/rnoticias.com.mx\/Portal\/?p=248931"},"modified":"2026-03-14T09:37:37","modified_gmt":"2026-03-14T16:37:37","slug":"gobierno-de-sonora-otorgara-300-terapias-con-delfines-para-personas-con-discapacidad","status":"publish","type":"post","link":"https:\/\/rnoticias.com.mx\/Portal\/2026\/03\/14\/gobierno-de-sonora-otorgara-300-terapias-con-delfines-para-personas-con-discapacidad\/","title":{"rendered":"Gobierno de Sonora otorgar\u00e1 300 terapias con delfines para personas con discapacidad"},"content":{"rendered":"<p>Hermosillo, Sonora; 14 de marzo de 2026.\u2013 Con el objetivo de fortalecer la atenci\u00f3n a personas con discapacidad, el Gobierno de Sonora, a trav\u00e9s del Sistema DIF Sonora y en coordinaci\u00f3n con la Comisi\u00f3n de Ecolog\u00eda y Desarrollo Sustentable del Estado de Sonora (CEDES), otorgar\u00e1 300 terapias asistidas con delfines de manera gratuita, dirigidas principalmente a ni\u00f1as, ni\u00f1os y adolescentes diagnosticados con s\u00edndrome de Down, par\u00e1lisis cerebral infantil y trastorno del espectro autista (TEA).<\/p>\n<p>Para la implementaci\u00f3n de esta iniciativa, ambas instituciones firmaron un convenio de colaboraci\u00f3n que permitir\u00e1 poner en marcha el Programa de Terapia Asistida con Delfines, orientado a fortalecer los procesos de rehabilitaci\u00f3n y la inclusi\u00f3n social de personas con discapacidad en la entidad.<\/p>\n<p>La directora general de DIF Sonora, Lizeth V\u00e1squez Ochoa, destac\u00f3 que este programa forma parte de las acciones que impulsa el Gobierno de Sonora para ampliar el acceso a terapias especializadas y mejorar la calidad de vida de las personas con discapacidad y sus familias.<\/p>\n<p>Por su parte, el titular de CEDES, Carlos Ernesto Zatarain Gonz\u00e1lez, inform\u00f3 que las sesiones se realizar\u00e1n en el Delfinario ubicado en el kil\u00f3metro 5.5 de la carretera San Carlos\u2013Tinajas, en Guaymas, donde se desarrollar\u00e1n actividades dise\u00f1adas para estimular el desarrollo f\u00edsico, cognitivo, emocional y social de las y los participantes.<\/p>\n<p>La convocatoria para acceder a estas terapias se dar\u00e1 a conocer en los pr\u00f3ximos d\u00edas a trav\u00e9s de los canales oficiales de DIF Sonora, donde se informar\u00e1n los requisitos y el proceso de registro para las familias interesadas.<\/p>\n","protected":false},"excerpt":{"rendered":"<p>Hermosillo, Sonora; 14 de marzo de 2026.\u2013 Con el objetivo de fortalecer la atenci\u00f3n a personas con discapacidad, el Gobierno de Sonora, a trav\u00e9s del Sistema DIF Sonora y en coordinaci\u00f3n con la Comisi\u00f3n de Ecolog\u00eda y Desarrollo Sustentable del Estado de Sonora (CEDES), otorgar\u00e1 300 terapias asistidas con delfines de manera gratuita, dirigidas principalmente [&hellip;]<\/p>\n","protected":false},"author":2,"featured_media":248932,"comment_status":"closed","ping_status":"closed","sticky":false,"template":"","format":"standard","meta":{"footnotes":""},"categories":[12870,178],"tags":[12865,12869],"class_list":["post-248931","post","type-post","status-publish","format-standard","has-post-thumbnail","hentry","category-destacadas","category-local","tag-destacadas","tag-local"],"jetpack_featured_media_url":"https:\/\/rnoticias.com.mx\/Portal\/wp-content\/uploads\/2026\/03\/unnamed-38.jpg","amp_enabled":true,"_links":{"self":[{"href":"https:\/\/rnoticias.com.mx\/Portal\/wp-json\/wp\/v2\/posts\/248931","targetHints":{"allow":["GET"]}}],"collection":[{"href":"https:\/\/rnoticias.com.mx\/Portal\/wp-json\/wp\/v2\/posts"}],"about":[{"href":"https:\/\/rnoticias.com.mx\/Portal\/wp-json\/wp\/v2\/types\/post"}],"author":[{"embeddable":true,"href":"https:\/\/rnoticias.com.mx\/Portal\/wp-json\/wp\/v2\/users\/2"}],"replies":[{"embeddable":true,"href":"https:\/\/rnoticias.com.mx\/Portal\/wp-json\/wp\/v2\/comments?post=248931"}],"version-history":[{"count":1,"href":"https:\/\/rnoticias.com.mx\/Portal\/wp-json\/wp\/v2\/posts\/248931\/revisions"}],"predecessor-version":[{"id":248933,"href":"https:\/\/rnoticias.com.mx\/Portal\/wp-json\/wp\/v2\/posts\/248931\/revisions\/248933"}],"wp:featuredmedia":[{"embeddable":true,"href":"https:\/\/rnoticias.com.mx\/Portal\/wp-json\/wp\/v2\/media\/248932"}],"wp:attachment":[{"href":"https:\/\/rnoticias.com.mx\/Portal\/wp-json\/wp\/v2\/media?parent=248931"}],"wp:term":[{"taxonomy":"category","embeddable":true,"href":"https:\/\/rnoticias.com.mx\/Portal\/wp-json\/wp\/v2\/categories?post=248931"},{"taxonomy":"post_tag","embeddable":true,"href":"https:\/\/rnoticias.com.mx\/Portal\/wp-json\/wp\/v2\/tags?post=248931"}],"curies":[{"name":"wp","href":"https:\/\/api.w.org\/{rel}","templated":true}]}}