{"id":248924,"date":"2026-03-13T21:21:34","date_gmt":"2026-03-14T04:21:34","guid":{"rendered":"https:\/\/rnoticias.com.mx\/Portal\/?p=248924"},"modified":"2026-03-13T21:21:34","modified_gmt":"2026-03-14T04:21:34","slug":"ine-identidad-de-genero-autopercibida-y-autoidentificacion-indigena-y-o-afromexicana-en-la-credencial-para-votar","status":"publish","type":"post","link":"https:\/\/rnoticias.com.mx\/Portal\/2026\/03\/13\/ine-identidad-de-genero-autopercibida-y-autoidentificacion-indigena-y-o-afromexicana-en-la-credencial-para-votar\/","title":{"rendered":"INE identidad de g\u00e9nero autopercibida y autoidentificaci\u00f3n ind\u00edgena y\/o afromexicana en la Credencial para Votar"},"content":{"rendered":"<p class=\"x_MsoNormal\"><span data-olk-copy-source=\"MessageBody\">A partir de junio pr\u00f3ximo, en la Credencial para Votar (CPV) se podr\u00e1n incluir dos elementos m\u00e1s: identidad de g\u00e9nero autopercibida y autoidentificaci\u00f3n ind\u00edgena y\/o afromexicana, determin\u00f3 el Consejo General del Instituto Nacional Electoral (INE), al aprobar esta viabilidad y fortalecer as\u00ed el reconocimiento de la identificaci\u00f3n de la ciudadan\u00eda y garantizar el respeto a los derechos y la no discriminaci\u00f3n.<\/span><\/p>\n<p class=\"x_MsoNormal\">\n<p class=\"x_MsoNormal\">La presidenta de la Comisi\u00f3n del Registro Federal de Electores, la Consejera Carla Humphrey Jordan, subray\u00f3 que la CPV se mantiene como la identificaci\u00f3n m\u00e1s utilizada por la ciudadan\u00eda mexicana para acreditar su identidad y ejercer sus derechos.<\/p>\n<p class=\"x_MsoNormal\">\n<p class=\"x_MsoNormal\">Destac\u00f3 que su evoluci\u00f3n tecnol\u00f3gica y sus est\u00e1ndares de seguridad han consolidado la confianza p\u00fablica en este documento, al tiempo que el Instituto reafirma su compromiso con los principios de igualdad, no discriminaci\u00f3n e inclusi\u00f3n, al reconocer que M\u00e9xico es una naci\u00f3n plural y diversa, cuya riqueza social debe reflejarse tambi\u00e9n en sus instrumentos registrales.<\/p>\n<p class=\"x_MsoNormal\">\n<p class=\"x_MsoNormal\">Humphrey Jordan se\u00f1al\u00f3 que la incorporaci\u00f3n de los nuevos elementos de identidad permitir\u00e1 al INE contar con informaci\u00f3n que fortalezca la planeaci\u00f3n institucional y una comprensi\u00f3n m\u00e1s precisa de la composici\u00f3n del electorado, en congruencia con el reconocimiento constitucional de los pueblos y comunidades ind\u00edgenas y el derecho a la libre autoidentificaci\u00f3n. A\u00f1adi\u00f3 que estos avances representan un paso hacia una credencial m\u00e1s incluyente, alineada con los principios del art\u00edculo primero constitucional, bajo criterios de voluntariedad y pleno respeto a la protecci\u00f3n de datos personales, reafirmando el compromiso institucional de avanzar de manera responsable para que este documento siga siendo un s\u00edmbolo de confianza, igualdad e inclusi\u00f3n.<\/p>\n<p class=\"x_MsoNormal\">\n<p class=\"x_MsoNormal\">En materia de identidad de g\u00e9nero autopercibida, el Consejo General consider\u00f3 necesario avanzar en la garant\u00eda y protecci\u00f3n de los derechos de las personas de la diversidad sexual, mediante la incorporaci\u00f3n de un campo de \u201cG\u00e9nero\u201d, adicional al actualmente previsto para \u201cSexo\u201d; es decir, la coexistencia de ambos campos permitir\u00e1 armonizar el cumplimiento del mandato legal con los est\u00e1ndares constitucionales y convencionales en materia de identidad y no discriminaci\u00f3n.<\/p>\n<p class=\"x_MsoNormal\">\n<p class=\"x_MsoNormal\">Cada persona titular de la CPV podr\u00e1 decidir si desea que en el documento se visualice el campo de Sexo o el de G\u00e9nero. Cuando as\u00ed lo solicite, deber\u00e1 proporcionar la informaci\u00f3n de su identidad de g\u00e9nero autopercibida y elegir entre las siguientes siglas: \u201cM\u201d para Mujer, \u201cH\u201d para Hombre o \u201cNB\u201d para persona \u201cNo binaria\u201d. En este \u00faltimo caso se reemplazar\u00e1 la letra \u201cX\u201d, actualmente usada en el campo de Sexo, por las siglas \u201cNB\u201d.<\/p>\n<p class=\"x_MsoNormal\">\n<p class=\"x_MsoNormal\">Sobre la autoidentificaci\u00f3n ind\u00edgena y\/o afromexicana, se estableci\u00f3 que es jur\u00eddicamente viable incorporar este dato en la CPV, siempre que se conciba como un elemento subjetivo de identidad, basado exclusivamente en la manifestaci\u00f3n consciente de la persona. Adem\u00e1s, este dato tendr\u00e1 efectos \u00fanicamente declarativos, no generar\u00e1 derechos pol\u00edtico-electorales diferenciados ni podr\u00e1 utilizarse como elemento para acreditar el cumplimiento de acciones afirmativas ind\u00edgenas en el registro de candidaturas. Las personas podr\u00e1n optar por imprimir la palabra \u201cInd\u00edgena\u201d en su identificaci\u00f3n si as\u00ed lo manifiestan.<\/p>\n<p class=\"x_MsoNormal\">\n<p class=\"x_MsoNormal\">Respecto de la incorporaci\u00f3n de otros elementos \u2014como el \u201cdistintivo de discapacidad\u201d, la \u201cleyenda relativa a la donaci\u00f3n de \u00f3rganos, tejidos y c\u00e9lulas\u201d y el \u201cnombre en sistema braille\u201d\u2014, se aclar\u00f3 que la Direcci\u00f3n Ejecutiva del Registro Federal de Electores lleve a cabo un an\u00e1lisis permanente, orientado a valorar la pertinencia de incorporarlos en la CPV.<\/p>\n<p class=\"x_MsoNormal\">\n<p class=\"x_MsoNormal\"><b><i>Fortalece INE mecanismos de verificaci\u00f3n de autenticidad de la Credencial para Votar, mediante herramientas tecnol\u00f3gicas<\/i><\/b><\/p>\n<p class=\"x_MsoNormal\"><b><i>\u00a0<\/i><\/b><\/p>\n<p class=\"x_MsoNormal\">En sesi\u00f3n extraordinaria, el Consejo General del INE tambi\u00e9n aprob\u00f3 la actualizaci\u00f3n del contenido de los c\u00f3digos bidimensionales QR de alta densidad de la CPV en territorio nacional y la Credencial para Votar desde el Extranjero (CPVE), con el prop\u00f3sito de fortalecer los mecanismos de verificaci\u00f3n de autenticidad del documento y facilitar el acceso a servicios de validaci\u00f3n mediante herramientas tecnol\u00f3gicas.<\/p>\n<p class=\"x_MsoNormal\">\n<p class=\"x_MsoNormal\">Al respecto, la Consejera Humphrey Jordan manifest\u00f3 que esta actualizaci\u00f3n consolida al documento como un instrumento moderno, confiable y con mayores garant\u00edas de seguridad, adem\u00e1s de que se trata de una evoluci\u00f3n natural que responde a las necesidades de la ciudadan\u00eda. Tambi\u00e9n, prosigui\u00f3, atiende los desaf\u00edos de un entorno cada vez m\u00e1s digital e interconectado, a los que el Instituto responde a la confianza p\u00fablica para mantener una CPV robusta y vigente ante los cambios tecnol\u00f3gicos.<\/p>\n<p class=\"x_MsoNormal\">\n<p class=\"x_MsoNormal\">Asimismo, resalt\u00f3 que el INE reafirma su compromiso con la seguridad, la transparencia y la confianza ciudadana en el uso de la Credencial para Votar, la cual se alinea con est\u00e1ndares internacionales y fortalece el acceso a servicios p\u00fablicos y privados. Adem\u00e1s, continu\u00f3, garantiza la protecci\u00f3n de los datos personales de cada ciudadana o ciudadano. Por ello, la CPV seguir\u00e1 siendo el principal medio de identificaci\u00f3n para ejercer derechos y acceder a tr\u00e1mites, en virtud de que el Instituto busca que permanezca moderna, segura y preparada para los retos del futuro, puntualiz\u00f3.<\/p>\n<p class=\"x_MsoNormal\">\n<p class=\"x_MsoNormal\">Con la actualizaci\u00f3n propuesta para el modelo 2026-2031 \u2014que se expedir\u00e1 a partir de junio pr\u00f3ximo\u2014, se prev\u00e9 integrar informaci\u00f3n adicional en el contenido de los c\u00f3digos QR, como las minucias de dos huellas dactilares, identidad de g\u00e9nero, autoidentificaci\u00f3n ind\u00edgena, domicilio, descripci\u00f3n de pueblo ind\u00edgena \u2014cuando no est\u00e9 en el cat\u00e1logo del Instituto Nacional de los Pueblos Ind\u00edgenas\u2014, mediante procesos de cifrado con llaves criptogr\u00e1ficas generadas por medio de dispositivos especializados de seguridad (HSM), lo que permite resguardar la informaci\u00f3n bajo est\u00e1ndares internacionales de protecci\u00f3n.<\/p>\n<p class=\"x_MsoNormal\">\n<p class=\"x_MsoNormal\">La informaci\u00f3n contenida en los c\u00f3digos QR podr\u00e1 ser utilizada para distintos procesos institucionales, entre ellos la verificaci\u00f3n de la CPV por parte de la ciudadan\u00eda, instituciones p\u00fablicas y privadas, as\u00ed como en procedimientos de participaci\u00f3n ciudadana, como consultas populares, iniciativas civiles, revocaci\u00f3n de mandato o candidaturas independientes. La lectura de los c\u00f3digos se realiza mediante aplicaciones m\u00f3viles que permiten validar que la credencial fue emitida por el INE y que los datos corresponden a la persona portadora.<\/p>\n<p class=\"x_MsoNormal\"><b><i>\u00a0<\/i><\/b><\/p>\n<p class=\"x_MsoNormal\"><b><i>Fiscaliza INE informes de ingresos y gastos de precampa\u00f1a<\/i><\/b><\/p>\n<p class=\"x_MsoNormal\"><b><i>\u00a0<\/i><\/b><\/p>\n<p class=\"x_MsoNormal\">Al continuar con el desarrollo de la sesi\u00f3n, el m\u00e1ximo \u00f3rgano de direcci\u00f3n del Instituto aval\u00f3 asimismo imponer una sanci\u00f3n econ\u00f3mica a Movimiento Ciudadano, derivado de que, en la revisi\u00f3n de los informes de ingresos y gastos, se encontr\u00f3 la omisi\u00f3n de realizar un registro contable de los gastos de precampa\u00f1a de una precandidatura al cargo de la Presidencia Municipal de Tamiahua, Veracruz, correspondiente al Proceso Electoral Local Extraordinario 2026.<\/p>\n<p class=\"x_MsoNormal\"><b><i>\u00a0<\/i><\/b><\/p>\n<p class=\"x_MsoNormal\">Finalmente, el pleno dio respuesta a una consulta promovida por el Comit\u00e9 Directivo del Partido Revolucionario Institucional (PRI) en Puebla, respecto de si la implementaci\u00f3n de comedores para personas sin recursos constituye un gasto con objeto partidista.<\/p>\n<p class=\"x_MsoNormal\">\n","protected":false},"excerpt":{"rendered":"<p>A partir de junio pr\u00f3ximo, en la Credencial para Votar (CPV) se podr\u00e1n incluir dos elementos m\u00e1s: identidad de g\u00e9nero autopercibida y autoidentificaci\u00f3n ind\u00edgena y\/o afromexicana, determin\u00f3 el Consejo General del Instituto Nacional Electoral (INE), al aprobar esta viabilidad y fortalecer as\u00ed el reconocimiento de la identificaci\u00f3n de la ciudadan\u00eda y garantizar el respeto a [&hellip;]<\/p>\n","protected":false},"author":2,"featured_media":248925,"comment_status":"closed","ping_status":"closed","sticky":false,"template":"","format":"standard","meta":{"footnotes":""},"categories":[12868],"tags":[12879],"class_list":["post-248924","post","type-post","status-publish","format-standard","has-post-thumbnail","hentry","category-politica","tag-politica"],"jetpack_featured_media_url":"https:\/\/rnoticias.com.mx\/Portal\/wp-content\/uploads\/2026\/03\/WhatsApp-Image-2026-03-12-at-11.26.37-AM.jpeg","amp_enabled":true,"_links":{"self":[{"href":"https:\/\/rnoticias.com.mx\/Portal\/wp-json\/wp\/v2\/posts\/248924","targetHints":{"allow":["GET"]}}],"collection":[{"href":"https:\/\/rnoticias.com.mx\/Portal\/wp-json\/wp\/v2\/posts"}],"about":[{"href":"https:\/\/rnoticias.com.mx\/Portal\/wp-json\/wp\/v2\/types\/post"}],"author":[{"embeddable":true,"href":"https:\/\/rnoticias.com.mx\/Portal\/wp-json\/wp\/v2\/users\/2"}],"replies":[{"embeddable":true,"href":"https:\/\/rnoticias.com.mx\/Portal\/wp-json\/wp\/v2\/comments?post=248924"}],"version-history":[{"count":1,"href":"https:\/\/rnoticias.com.mx\/Portal\/wp-json\/wp\/v2\/posts\/248924\/revisions"}],"predecessor-version":[{"id":248926,"href":"https:\/\/rnoticias.com.mx\/Portal\/wp-json\/wp\/v2\/posts\/248924\/revisions\/248926"}],"wp:featuredmedia":[{"embeddable":true,"href":"https:\/\/rnoticias.com.mx\/Portal\/wp-json\/wp\/v2\/media\/248925"}],"wp:attachment":[{"href":"https:\/\/rnoticias.com.mx\/Portal\/wp-json\/wp\/v2\/media?parent=248924"}],"wp:term":[{"taxonomy":"category","embeddable":true,"href":"https:\/\/rnoticias.com.mx\/Portal\/wp-json\/wp\/v2\/categories?post=248924"},{"taxonomy":"post_tag","embeddable":true,"href":"https:\/\/rnoticias.com.mx\/Portal\/wp-json\/wp\/v2\/tags?post=248924"}],"curies":[{"name":"wp","href":"https:\/\/api.w.org\/{rel}","templated":true}]}}