{"id":248921,"date":"2026-03-13T20:19:33","date_gmt":"2026-03-14T03:19:33","guid":{"rendered":"https:\/\/rnoticias.com.mx\/Portal\/?p=248921"},"modified":"2026-03-13T20:19:33","modified_gmt":"2026-03-14T03:19:33","slug":"gobierno-de-sonora-impulsa-delfinoterapias-para-ninas-y-ninos-con-discapacidad-mediante-convenio","status":"publish","type":"post","link":"https:\/\/rnoticias.com.mx\/Portal\/2026\/03\/13\/gobierno-de-sonora-impulsa-delfinoterapias-para-ninas-y-ninos-con-discapacidad-mediante-convenio\/","title":{"rendered":"Gobierno de Sonora impulsa delfinoterapias para ni\u00f1as y ni\u00f1os con discapacidad mediante convenio"},"content":{"rendered":"<p>Hermosillo, Sonora; 13 de marzo de 2026.- El Gobierno de Sonora, a trav\u00e9s del Sistema DIF Sonora y de la Comisi\u00f3n de Ecolog\u00eda y Desarrollo Sustentable del Estado de Sonora (CEDES), por medio del Delfinario Sonora, firm\u00f3 un convenio de colaboraci\u00f3n que permitir\u00e1 que 300 ni\u00f1as y ni\u00f1os con discapacidad tengan acceso a terapias asistidas con delfines, como parte de su compromiso con la inclusi\u00f3n y el bienestar de la ni\u00f1ez.<\/p>\n<p>El acuerdo fue formalizado mediante la firma de Lizeth V\u00e1squez Ochoa y Carlos Zatarain Gonz\u00e1lez, titulares de DIF Sonora y CEDES respectivamente, quienes refrendaron la coordinaci\u00f3n entre ambas instituciones para fortalecer programas que favorezcan la rehabilitaci\u00f3n y el desarrollo integral de la ni\u00f1ez sonorense.<\/p>\n<p>Esta acci\u00f3n forma parte de las pol\u00edticas impulsadas por el Gobierno del Estado para fortalecer los servicios de atenci\u00f3n y rehabilitaci\u00f3n dirigidos a personas con discapacidad, brindando alternativas terap\u00e9uticas que contribuyan a mejorar su desarrollo f\u00edsico, emocional y cognitivo.<\/p>\n<p>Gracias al trabajo coordinado entre ambas dependencias, durante el actual sexenio se han brindado m\u00e1s de 664 delfinoterapias, beneficiando a ni\u00f1as y ni\u00f1os de distintos municipios de Sonora.<\/p>\n<p>Con la firma de este convenio, el Gobierno de Sonora refrenda su compromiso de seguir generando programas y alianzas institucionales que promuevan la inclusi\u00f3n, el acceso a terapias especializadas y una mejor calidad de vida para las familias sonorenses.<\/p>\n","protected":false},"excerpt":{"rendered":"<p>Hermosillo, Sonora; 13 de marzo de 2026.- El Gobierno de Sonora, a trav\u00e9s del Sistema DIF Sonora y de la Comisi\u00f3n de Ecolog\u00eda y Desarrollo Sustentable del Estado de Sonora (CEDES), por medio del Delfinario Sonora, firm\u00f3 un convenio de colaboraci\u00f3n que permitir\u00e1 que 300 ni\u00f1as y ni\u00f1os con discapacidad tengan acceso a terapias asistidas [&hellip;]<\/p>\n","protected":false},"author":2,"featured_media":248922,"comment_status":"closed","ping_status":"closed","sticky":false,"template":"","format":"standard","meta":{"footnotes":""},"categories":[12870,178],"tags":[12865,12869],"class_list":["post-248921","post","type-post","status-publish","format-standard","has-post-thumbnail","hentry","category-destacadas","category-local","tag-destacadas","tag-local"],"jetpack_featured_media_url":"https:\/\/rnoticias.com.mx\/Portal\/wp-content\/uploads\/2026\/03\/unnamed-1-20.jpg","amp_enabled":true,"_links":{"self":[{"href":"https:\/\/rnoticias.com.mx\/Portal\/wp-json\/wp\/v2\/posts\/248921","targetHints":{"allow":["GET"]}}],"collection":[{"href":"https:\/\/rnoticias.com.mx\/Portal\/wp-json\/wp\/v2\/posts"}],"about":[{"href":"https:\/\/rnoticias.com.mx\/Portal\/wp-json\/wp\/v2\/types\/post"}],"author":[{"embeddable":true,"href":"https:\/\/rnoticias.com.mx\/Portal\/wp-json\/wp\/v2\/users\/2"}],"replies":[{"embeddable":true,"href":"https:\/\/rnoticias.com.mx\/Portal\/wp-json\/wp\/v2\/comments?post=248921"}],"version-history":[{"count":1,"href":"https:\/\/rnoticias.com.mx\/Portal\/wp-json\/wp\/v2\/posts\/248921\/revisions"}],"predecessor-version":[{"id":248923,"href":"https:\/\/rnoticias.com.mx\/Portal\/wp-json\/wp\/v2\/posts\/248921\/revisions\/248923"}],"wp:featuredmedia":[{"embeddable":true,"href":"https:\/\/rnoticias.com.mx\/Portal\/wp-json\/wp\/v2\/media\/248922"}],"wp:attachment":[{"href":"https:\/\/rnoticias.com.mx\/Portal\/wp-json\/wp\/v2\/media?parent=248921"}],"wp:term":[{"taxonomy":"category","embeddable":true,"href":"https:\/\/rnoticias.com.mx\/Portal\/wp-json\/wp\/v2\/categories?post=248921"},{"taxonomy":"post_tag","embeddable":true,"href":"https:\/\/rnoticias.com.mx\/Portal\/wp-json\/wp\/v2\/tags?post=248921"}],"curies":[{"name":"wp","href":"https:\/\/api.w.org\/{rel}","templated":true}]}}