{"id":248915,"date":"2026-03-13T20:17:26","date_gmt":"2026-03-14T03:17:26","guid":{"rendered":"https:\/\/rnoticias.com.mx\/Portal\/?p=248915"},"modified":"2026-03-13T20:17:26","modified_gmt":"2026-03-14T03:17:26","slug":"recibe-gobierno-de-sonora-donacion-de-acervo-bibliografico-isc","status":"publish","type":"post","link":"https:\/\/rnoticias.com.mx\/Portal\/2026\/03\/13\/recibe-gobierno-de-sonora-donacion-de-acervo-bibliografico-isc\/","title":{"rendered":"Recibe Gobierno de Sonora donaci\u00f3n de acervo bibliogr\u00e1fico: ISC"},"content":{"rendered":"<p>Hermosillo, Sonora; 13 de marzo de 2026.\u2013 El Gobierno de Sonora, a trav\u00e9s de la Secretar\u00eda de Educaci\u00f3n y Cultura (SEC) y el Instituto Sonorense de Cultura (ISC), realiz\u00f3 el protocolo de donaci\u00f3n del acervo bibliogr\u00e1fico \u201cSilvia N\u00fa\u00f1ez Esquer\u201d en la Biblioteca P\u00fablica Central \u201cFortino Le\u00f3n Almada\u201d, una colecci\u00f3n de 390 ejemplares que se incorpora a los vol\u00famenes con que cuenta este recinto.<\/p>\n<p>El acto cont\u00f3 con la presencia de la directora general del ISC, Beatriz Aldaco Encinas, y de la donante, Silvia N\u00fa\u00f1ez Esquer. Durante su intervenci\u00f3n, Aldaco Encinas destac\u00f3 la relevancia de esta colecci\u00f3n para la comunidad sonorense, as\u00ed como la trayectoria de N\u00fa\u00f1ez Esquer en la promoci\u00f3n del feminismo, los derechos humanos y la justicia social.<\/p>\n<p>Por su parte, agradeci\u00f3 al ISC por recibir este acervo y se\u00f1al\u00f3 que la donaci\u00f3n constituye un primer paso para poner a disposici\u00f3n del p\u00fablico materiales que puedan ser consultados en la biblioteca y preservados de manera profesional.<\/p>\n<p>Como parte de la jornada, se realiz\u00f3 la lectura de fragmentos de libros de la colecci\u00f3n, a cargo de Geraldine L\u00f3pez y Lorena Enr\u00edquez, responsables de Fomento a la Lectura del ISC. Posteriormente, se llev\u00f3 a cabo la develaci\u00f3n del librero que ya resguarda los t\u00edtulos que integran este acervo.<\/p>\n<p>La colecci\u00f3n re\u00fane obras literarias, de teor\u00eda feminista, derechos humanos, pensamiento social contempor\u00e1neo y temas relacionados, y su prop\u00f3sito es ampliar las posibilidades de consulta y reflexi\u00f3n para la comunidad lectora.<\/p>\n<p>Consulta la agenda de actividades culturales de la entidad en\u00a0<a href=\"http:\/\/isc.sonora.edu.mx\/\" target=\"_blank\" rel=\"noopener\" data-saferedirecturl=\"https:\/\/www.google.com\/url?q=http:\/\/isc.sonora.edu.mx&amp;source=gmail&amp;ust=1773519601388000&amp;usg=AOvVaw1b3-iCazISf_YGb-sBDZ39\">isc.sonora.edu.mx<\/a>\u00a0y en redes sociales a trav\u00e9s de @iscsonora.<\/p>\n","protected":false},"excerpt":{"rendered":"<p>Hermosillo, Sonora; 13 de marzo de 2026.\u2013 El Gobierno de Sonora, a trav\u00e9s de la Secretar\u00eda de Educaci\u00f3n y Cultura (SEC) y el Instituto Sonorense de Cultura (ISC), realiz\u00f3 el protocolo de donaci\u00f3n del acervo bibliogr\u00e1fico \u201cSilvia N\u00fa\u00f1ez Esquer\u201d en la Biblioteca P\u00fablica Central \u201cFortino Le\u00f3n Almada\u201d, una colecci\u00f3n de 390 ejemplares que se incorpora [&hellip;]<\/p>\n","protected":false},"author":2,"featured_media":248916,"comment_status":"closed","ping_status":"closed","sticky":false,"template":"","format":"standard","meta":{"footnotes":""},"categories":[178],"tags":[12869],"class_list":["post-248915","post","type-post","status-publish","format-standard","has-post-thumbnail","hentry","category-local","tag-local"],"jetpack_featured_media_url":"https:\/\/rnoticias.com.mx\/Portal\/wp-content\/uploads\/2026\/03\/unnamed-4-4.jpg","amp_enabled":true,"_links":{"self":[{"href":"https:\/\/rnoticias.com.mx\/Portal\/wp-json\/wp\/v2\/posts\/248915","targetHints":{"allow":["GET"]}}],"collection":[{"href":"https:\/\/rnoticias.com.mx\/Portal\/wp-json\/wp\/v2\/posts"}],"about":[{"href":"https:\/\/rnoticias.com.mx\/Portal\/wp-json\/wp\/v2\/types\/post"}],"author":[{"embeddable":true,"href":"https:\/\/rnoticias.com.mx\/Portal\/wp-json\/wp\/v2\/users\/2"}],"replies":[{"embeddable":true,"href":"https:\/\/rnoticias.com.mx\/Portal\/wp-json\/wp\/v2\/comments?post=248915"}],"version-history":[{"count":1,"href":"https:\/\/rnoticias.com.mx\/Portal\/wp-json\/wp\/v2\/posts\/248915\/revisions"}],"predecessor-version":[{"id":248917,"href":"https:\/\/rnoticias.com.mx\/Portal\/wp-json\/wp\/v2\/posts\/248915\/revisions\/248917"}],"wp:featuredmedia":[{"embeddable":true,"href":"https:\/\/rnoticias.com.mx\/Portal\/wp-json\/wp\/v2\/media\/248916"}],"wp:attachment":[{"href":"https:\/\/rnoticias.com.mx\/Portal\/wp-json\/wp\/v2\/media?parent=248915"}],"wp:term":[{"taxonomy":"category","embeddable":true,"href":"https:\/\/rnoticias.com.mx\/Portal\/wp-json\/wp\/v2\/categories?post=248915"},{"taxonomy":"post_tag","embeddable":true,"href":"https:\/\/rnoticias.com.mx\/Portal\/wp-json\/wp\/v2\/tags?post=248915"}],"curies":[{"name":"wp","href":"https:\/\/api.w.org\/{rel}","templated":true}]}}