{"id":248905,"date":"2026-03-13T20:15:15","date_gmt":"2026-03-14T03:15:15","guid":{"rendered":"https:\/\/rnoticias.com.mx\/Portal\/?p=248905"},"modified":"2026-03-13T20:15:15","modified_gmt":"2026-03-14T03:15:15","slug":"gobierno-de-sonora-concluye-con-exito-semana-cultural-en-cedam-de-hermosillo","status":"publish","type":"post","link":"https:\/\/rnoticias.com.mx\/Portal\/2026\/03\/13\/gobierno-de-sonora-concluye-con-exito-semana-cultural-en-cedam-de-hermosillo\/","title":{"rendered":"Gobierno de Sonora concluye con \u00e9xito Semana Cultural en CEDAM de Hermosillo"},"content":{"rendered":"<p>Hermosillo, Sonora; 13 de marzo de 2026.- El Gobierno del Estado de Sonora, a trav\u00e9s del Instituto Sonorense para la Atenci\u00f3n de los Adultos Mayores (ISAAM), llev\u00f3 a cabo una serie de actividades en el marco de la Semana Cultural 2026 en los Centros de Desarrollo para Adultos Mayores (CEDAM) de Hermosillo.<\/p>\n<p>Durante esta semana se desarrollaron din\u00e1micas que fomentan la convivencia, el aprendizaje y la expresi\u00f3n art\u00edstica de las y los participantes. Entre las actividades destacan un rally deportivo, interpretaci\u00f3n de canciones, presentaci\u00f3n de arte, as\u00ed como talleres de seguridad digital, lengua de se\u00f1as mexicanas, baile, \u201c\u00c1rbol y sus ramas\u201d, donde colocaban cualidades que debe tener una buena amistad, y la actividad educativa del sem\u00e1foro de los alimentos.<\/p>\n<p>Tambi\u00e9n se realiz\u00f3 una muestra gastron\u00f3mica, donde las personas adultas mayores compartieron platillos, tradiciones culinarias y vestimenta acorde al estado que representaron, fortaleciendo el sentido de comunidad y pertenencia.<\/p>\n<p>Uno de los momentos m\u00e1s significativos fue la creaci\u00f3n de una c\u00e1psula del tiempo, actividad en la que las y los participantes depositaron mensajes, fotograf\u00edas y recuerdos de sus experiencias de vida, con el prop\u00f3sito de preservar su memoria y legado para el futuro.<\/p>\n<p>La semana concluy\u00f3 con actividades enfocadas al bienestar y la convivencia, como la demostraci\u00f3n del lavado correcto de manos y una presentaci\u00f3n musical, cerrando as\u00ed una jornada llena de aprendizaje, alegr\u00eda y participaci\u00f3n.<\/p>\n<p>Con el respaldo del Gobierno del Estado de Sonora, el ISAAM refrenda su compromiso de continuar generando alianzas estrat\u00e9gicas que contribuyan a consolidar una sociedad m\u00e1s incluyente, solidaria y con mayores oportunidades para este sector de la poblaci\u00f3n.<\/p>\n","protected":false},"excerpt":{"rendered":"<p>Hermosillo, Sonora; 13 de marzo de 2026.- El Gobierno del Estado de Sonora, a trav\u00e9s del Instituto Sonorense para la Atenci\u00f3n de los Adultos Mayores (ISAAM), llev\u00f3 a cabo una serie de actividades en el marco de la Semana Cultural 2026 en los Centros de Desarrollo para Adultos Mayores (CEDAM) de Hermosillo. Durante esta semana [&hellip;]<\/p>\n","protected":false},"author":2,"featured_media":248906,"comment_status":"closed","ping_status":"closed","sticky":false,"template":"","format":"standard","meta":{"footnotes":""},"categories":[178],"tags":[12869],"class_list":["post-248905","post","type-post","status-publish","format-standard","has-post-thumbnail","hentry","category-local","tag-local"],"jetpack_featured_media_url":"https:\/\/rnoticias.com.mx\/Portal\/wp-content\/uploads\/2026\/03\/unnamed-1-19.jpg","amp_enabled":true,"_links":{"self":[{"href":"https:\/\/rnoticias.com.mx\/Portal\/wp-json\/wp\/v2\/posts\/248905","targetHints":{"allow":["GET"]}}],"collection":[{"href":"https:\/\/rnoticias.com.mx\/Portal\/wp-json\/wp\/v2\/posts"}],"about":[{"href":"https:\/\/rnoticias.com.mx\/Portal\/wp-json\/wp\/v2\/types\/post"}],"author":[{"embeddable":true,"href":"https:\/\/rnoticias.com.mx\/Portal\/wp-json\/wp\/v2\/users\/2"}],"replies":[{"embeddable":true,"href":"https:\/\/rnoticias.com.mx\/Portal\/wp-json\/wp\/v2\/comments?post=248905"}],"version-history":[{"count":1,"href":"https:\/\/rnoticias.com.mx\/Portal\/wp-json\/wp\/v2\/posts\/248905\/revisions"}],"predecessor-version":[{"id":248907,"href":"https:\/\/rnoticias.com.mx\/Portal\/wp-json\/wp\/v2\/posts\/248905\/revisions\/248907"}],"wp:featuredmedia":[{"embeddable":true,"href":"https:\/\/rnoticias.com.mx\/Portal\/wp-json\/wp\/v2\/media\/248906"}],"wp:attachment":[{"href":"https:\/\/rnoticias.com.mx\/Portal\/wp-json\/wp\/v2\/media?parent=248905"}],"wp:term":[{"taxonomy":"category","embeddable":true,"href":"https:\/\/rnoticias.com.mx\/Portal\/wp-json\/wp\/v2\/categories?post=248905"},{"taxonomy":"post_tag","embeddable":true,"href":"https:\/\/rnoticias.com.mx\/Portal\/wp-json\/wp\/v2\/tags?post=248905"}],"curies":[{"name":"wp","href":"https:\/\/api.w.org\/{rel}","templated":true}]}}