{"id":248902,"date":"2026-03-13T20:12:57","date_gmt":"2026-03-14T03:12:57","guid":{"rendered":"https:\/\/rnoticias.com.mx\/Portal\/?p=248902"},"modified":"2026-03-13T20:12:57","modified_gmt":"2026-03-14T03:12:57","slug":"exhorta-salud-sonora-a-prevenir-accidentes-en-carreteras-y-playas-durante-semana-santa","status":"publish","type":"post","link":"https:\/\/rnoticias.com.mx\/Portal\/2026\/03\/13\/exhorta-salud-sonora-a-prevenir-accidentes-en-carreteras-y-playas-durante-semana-santa\/","title":{"rendered":"Exhorta Salud Sonora a prevenir accidentes en carreteras y playas durante Semana Santa"},"content":{"rendered":"<p>Hermosillo, Sonora; 13 de marzo de 2026.- Con motivo del pr\u00f3ximo periodo vacacional de Semana Santa, la Secretar\u00eda de Salud P\u00fablica (SSP) del Gobierno de Sonora exhort\u00f3 a la poblaci\u00f3n a reforzar las medidas de prevenci\u00f3n al viajar por carretera o acudir a playas, r\u00edos y otros destinos tur\u00edsticos del estado, a fin de evitar accidentes y emergencias m\u00e9dicas.<\/p>\n<p>El coordinador estatal del Centro Regulador de Urgencias M\u00e9dicas (CRUM), Jorge Arturo Vega Soto, inform\u00f3 que durante los periodos vacacionales se registra un aumento de entre 33 y 35 por ciento en la incidencia de accidentes, principalmente debido al incremento en la movilidad y a la falta de medidas preventivas por parte de los viajeros.<\/p>\n<p>Explic\u00f3 que antes de salir de viaje es fundamental planear el trayecto y revisar las condiciones mec\u00e1nicas del veh\u00edculo, as\u00ed como conocer las caracter\u00edsticas del destino que se visitar\u00e1, ya que los riesgos pueden variar si se trata de playa, monta\u00f1a, r\u00edo o zonas de campamento.<\/p>\n<p>Vega Soto record\u00f3 que el alcohol y el volante no deben combinarse, adem\u00e1s de respetar los l\u00edmites de velocidad y utilizar correctamente los dispositivos de seguridad. En el caso de ni\u00f1as y ni\u00f1os, precis\u00f3 que aquellos con estatura menor a 1.30 metros deben viajar en un sistema de retenci\u00f3n infantil, conocido como silla portainfantes.<\/p>\n<p>En destinos de playa o albercas, recomend\u00f3 a las familias aplicar la regla 20-10 para proteger a menores de edad: mantenerse a no m\u00e1s de 20 segundos de distancia de ellos y no perderlos de vista por m\u00e1s de 10 segundos mientras se encuentren en el agua. Tambi\u00e9n pidi\u00f3 evitar ingresar a cuerpos de agua tras consumir bebidas alcoh\u00f3licas.<\/p>\n<p>El funcionario estatal destac\u00f3 que el sistema de atenci\u00f3n de emergencias en Sonora opera a trav\u00e9s del 911, donde personal m\u00e9dico especializado del CRUM brinda orientaci\u00f3n telef\u00f3nica las 24 horas y puede coordinar la activaci\u00f3n de ambulancias y otros servicios de emergencia en todo el estado.<\/p>\n","protected":false},"excerpt":{"rendered":"<p>Hermosillo, Sonora; 13 de marzo de 2026.- Con motivo del pr\u00f3ximo periodo vacacional de Semana Santa, la Secretar\u00eda de Salud P\u00fablica (SSP) del Gobierno de Sonora exhort\u00f3 a la poblaci\u00f3n a reforzar las medidas de prevenci\u00f3n al viajar por carretera o acudir a playas, r\u00edos y otros destinos tur\u00edsticos del estado, a fin de evitar [&hellip;]<\/p>\n","protected":false},"author":2,"featured_media":248903,"comment_status":"closed","ping_status":"closed","sticky":false,"template":"","format":"standard","meta":{"footnotes":""},"categories":[12870,178],"tags":[12865,12869],"class_list":["post-248902","post","type-post","status-publish","format-standard","has-post-thumbnail","hentry","category-destacadas","category-local","tag-destacadas","tag-local"],"jetpack_featured_media_url":"https:\/\/rnoticias.com.mx\/Portal\/wp-content\/uploads\/2026\/03\/unnamed-36.jpg","amp_enabled":true,"_links":{"self":[{"href":"https:\/\/rnoticias.com.mx\/Portal\/wp-json\/wp\/v2\/posts\/248902","targetHints":{"allow":["GET"]}}],"collection":[{"href":"https:\/\/rnoticias.com.mx\/Portal\/wp-json\/wp\/v2\/posts"}],"about":[{"href":"https:\/\/rnoticias.com.mx\/Portal\/wp-json\/wp\/v2\/types\/post"}],"author":[{"embeddable":true,"href":"https:\/\/rnoticias.com.mx\/Portal\/wp-json\/wp\/v2\/users\/2"}],"replies":[{"embeddable":true,"href":"https:\/\/rnoticias.com.mx\/Portal\/wp-json\/wp\/v2\/comments?post=248902"}],"version-history":[{"count":1,"href":"https:\/\/rnoticias.com.mx\/Portal\/wp-json\/wp\/v2\/posts\/248902\/revisions"}],"predecessor-version":[{"id":248904,"href":"https:\/\/rnoticias.com.mx\/Portal\/wp-json\/wp\/v2\/posts\/248902\/revisions\/248904"}],"wp:featuredmedia":[{"embeddable":true,"href":"https:\/\/rnoticias.com.mx\/Portal\/wp-json\/wp\/v2\/media\/248903"}],"wp:attachment":[{"href":"https:\/\/rnoticias.com.mx\/Portal\/wp-json\/wp\/v2\/media?parent=248902"}],"wp:term":[{"taxonomy":"category","embeddable":true,"href":"https:\/\/rnoticias.com.mx\/Portal\/wp-json\/wp\/v2\/categories?post=248902"},{"taxonomy":"post_tag","embeddable":true,"href":"https:\/\/rnoticias.com.mx\/Portal\/wp-json\/wp\/v2\/tags?post=248902"}],"curies":[{"name":"wp","href":"https:\/\/api.w.org\/{rel}","templated":true}]}}