{"id":248899,"date":"2026-03-13T20:10:45","date_gmt":"2026-03-14T03:10:45","guid":{"rendered":"https:\/\/rnoticias.com.mx\/Portal\/?p=248899"},"modified":"2026-03-13T20:10:45","modified_gmt":"2026-03-14T03:10:45","slug":"gobierno-de-sonora-impulsa-eventos-que-elevan-ocupacion-hotelera-en-hermosillo","status":"publish","type":"post","link":"https:\/\/rnoticias.com.mx\/Portal\/2026\/03\/13\/gobierno-de-sonora-impulsa-eventos-que-elevan-ocupacion-hotelera-en-hermosillo\/","title":{"rendered":"Gobierno de Sonora impulsa eventos que elevan ocupaci\u00f3n hotelera en Hermosillo"},"content":{"rendered":"<p>Hermosillo, Sonora; 13 de marzo de 2026.\u2013 Sonora se consolida como sede de grandes eventos de talla internacional, y como muestra est\u00e1 la ocupaci\u00f3n del 100 por ciento durante esta semana de las cinco mil habitaciones disponibles en los diversos establecimientos de hospedaje en Hermosillo.<\/p>\n<p>En la semana del 9 al 15 de marzo, en la capital sonorense se realizan eventos como el Segundo Simposio Internacional sobre Dep\u00f3sitos de Jales, el XXIII Congreso Nacional de Oceanograf\u00eda, as\u00ed como diversas olimpiadas y copas deportivas promovidas por la Comisi\u00f3n del Deporte del Estado de Sonora e instituciones educativas.<\/p>\n<p>El secretario de Econom\u00eda y Turismo, Roberto Gradillas Pineda, destac\u00f3 que el 14 y 15 de marzo se llevar\u00e1 a cabo el denominado La Cura Fest, organizado por el cantante sonorense Car\u00edn Le\u00f3n, para el que se espera una asistencia masiva de visitantes de otros municipios y estados, que detonar\u00e1 tambi\u00e9n al sector restaurantero, comercios y empresas de servicios.<\/p>\n<p>\u201cEl gobernador Alfonso Durazo ha sido muy claro en su instrucci\u00f3n de brindar todas las facilidades para que eventos de calidad mundial lleguen a nuestro estado, y como gobierno, en equipo con los empresarios y organismos del sector, hemos trabajado para que el turismo de eventos crezca de manera exponencial, y esta semana la capital es un claro ejemplo de ello\u201d, apunt\u00f3.<\/p>\n<p>Con estos resultados, el Gobierno de Sonora reafirma su compromiso de continuar impulsando el desarrollo tur\u00edstico y econ\u00f3mico de la entidad, al atraer un mayor n\u00famero de eventos empresariales, deportivos y de entretenimiento que generen mejores oportunidades para las familias sonorenses.<\/p>\n","protected":false},"excerpt":{"rendered":"<p>Hermosillo, Sonora; 13 de marzo de 2026.\u2013 Sonora se consolida como sede de grandes eventos de talla internacional, y como muestra est\u00e1 la ocupaci\u00f3n del 100 por ciento durante esta semana de las cinco mil habitaciones disponibles en los diversos establecimientos de hospedaje en Hermosillo. En la semana del 9 al 15 de marzo, en [&hellip;]<\/p>\n","protected":false},"author":2,"featured_media":248900,"comment_status":"closed","ping_status":"closed","sticky":false,"template":"","format":"standard","meta":{"footnotes":""},"categories":[12870,178],"tags":[12865,12869],"class_list":["post-248899","post","type-post","status-publish","format-standard","has-post-thumbnail","hentry","category-destacadas","category-local","tag-destacadas","tag-local"],"jetpack_featured_media_url":"https:\/\/rnoticias.com.mx\/Portal\/wp-content\/uploads\/2026\/03\/unnamed-35.jpg","amp_enabled":true,"_links":{"self":[{"href":"https:\/\/rnoticias.com.mx\/Portal\/wp-json\/wp\/v2\/posts\/248899","targetHints":{"allow":["GET"]}}],"collection":[{"href":"https:\/\/rnoticias.com.mx\/Portal\/wp-json\/wp\/v2\/posts"}],"about":[{"href":"https:\/\/rnoticias.com.mx\/Portal\/wp-json\/wp\/v2\/types\/post"}],"author":[{"embeddable":true,"href":"https:\/\/rnoticias.com.mx\/Portal\/wp-json\/wp\/v2\/users\/2"}],"replies":[{"embeddable":true,"href":"https:\/\/rnoticias.com.mx\/Portal\/wp-json\/wp\/v2\/comments?post=248899"}],"version-history":[{"count":1,"href":"https:\/\/rnoticias.com.mx\/Portal\/wp-json\/wp\/v2\/posts\/248899\/revisions"}],"predecessor-version":[{"id":248901,"href":"https:\/\/rnoticias.com.mx\/Portal\/wp-json\/wp\/v2\/posts\/248899\/revisions\/248901"}],"wp:featuredmedia":[{"embeddable":true,"href":"https:\/\/rnoticias.com.mx\/Portal\/wp-json\/wp\/v2\/media\/248900"}],"wp:attachment":[{"href":"https:\/\/rnoticias.com.mx\/Portal\/wp-json\/wp\/v2\/media?parent=248899"}],"wp:term":[{"taxonomy":"category","embeddable":true,"href":"https:\/\/rnoticias.com.mx\/Portal\/wp-json\/wp\/v2\/categories?post=248899"},{"taxonomy":"post_tag","embeddable":true,"href":"https:\/\/rnoticias.com.mx\/Portal\/wp-json\/wp\/v2\/tags?post=248899"}],"curies":[{"name":"wp","href":"https:\/\/api.w.org\/{rel}","templated":true}]}}