{"id":248864,"date":"2026-03-13T19:38:10","date_gmt":"2026-03-14T02:38:10","guid":{"rendered":"https:\/\/rnoticias.com.mx\/Portal\/?p=248864"},"modified":"2026-03-13T19:38:10","modified_gmt":"2026-03-14T02:38:10","slug":"ine-renueva-credencial-para-votar-con-identidad-de-genero-y-diversidad","status":"publish","type":"post","link":"https:\/\/rnoticias.com.mx\/Portal\/2026\/03\/13\/ine-renueva-credencial-para-votar-con-identidad-de-genero-y-diversidad\/","title":{"rendered":"INE renueva credencial para votar con identidad de g\u00e9nero y diversidad"},"content":{"rendered":"<p><strong>El Consejo General del Instituto Nacional Electoral<\/strong>\u00a0(INE) de M\u00e9xico inform\u00f3 este jueves que a partir de junio pr\u00f3ximo, en la credencial para votar (CPV)\u00a0<strong>se podr\u00e1n incluir dos elementos m\u00e1s: identidad de g\u00e9nero autopercibida y autoidentificaci\u00f3n ind\u00edgena y\/o afromexicana.<\/strong><\/p>\n<p>La presidenta de la Comisi\u00f3n del Registro Federal de Electores, la consejera Carla Humphrey, se\u00f1al\u00f3 en un comunicado que la incorporaci\u00f3n de los nuevos elementos de identidad permitir\u00e1 al INE &#8220;<strong>contar con informaci\u00f3n que fortalezca la planeaci\u00f3n institucional y una comprensi\u00f3n m\u00e1s precisa de la composici\u00f3n del electorado&#8221;.<\/strong><\/p>\n<p>Esto, en congruencia con el reconocimiento constitucional de los pueblos y comunidades ind\u00edgenas y el derecho a la libre autoidentificaci\u00f3n.<\/p>\n<p>A\u00f1adi\u00f3 que estos avances representan\u00a0<strong>&#8220;un paso hacia una credencial m\u00e1s incluyente&#8221;<\/strong>, alineada con los principios del art\u00edculo primero constitucional, bajo criterios de voluntariedad y pleno respeto a la protecci\u00f3n de datos personales, reafirmando el compromiso institucional de avanzar de manera responsable para que este documento\u00a0<strong>&#8220;siga siendo un s\u00edmbolo de confianza, igualdad e inclusi\u00f3n&#8221;.<\/strong><\/p>\n<p>Humphrey subray\u00f3 que la CPV se mantiene como la\u00a0<strong>&#8220;identificaci\u00f3n m\u00e1s utilizada por la ciudadan\u00eda mexicana para acreditar su identidad y ejercer sus derechos&#8221;.<\/strong><\/p>\n<p>En materia de identidad de g\u00e9nero autopercibida, el Consejo General del INE consider\u00f3 necesario\u00a0<strong>&#8220;avanzar en la garant\u00eda y protecci\u00f3n de los derechos de las personas de la diversidad sexual&#8221;, mediante la incorporaci\u00f3n de un campo de &#8216;G\u00e9nero&#8217;, adicional al actualmente previsto para &#8216;Sexo&#8217;.<\/strong><\/p>\n<p>Es decir, se\u00f1al\u00f3 el ente, la coexistencia de ambos campos permitir\u00e1 armonizar el cumplimiento del mandato legal con los est\u00e1ndares constitucionales y convencionales en materia de identidad y no discriminaci\u00f3n.<\/p>\n<p>Adem\u00e1s, se apunt\u00f3 que cada persona titular de la CPV podr\u00e1 decidir si desea que en el documento se visualice el campo de sexo o el de g\u00e9nero.<\/p>\n<p>Y, cuando as\u00ed lo solicite, deber\u00e1 proporcionar la informaci\u00f3n de su identidad de g\u00e9nero autopercibida y elegir entre las siguientes siglas:\u00a0<strong>&#8216;M&#8217; para Mujer, &#8216;H&#8217; para Hombre o &#8216;NB&#8217; para persona &#8216;No binaria&#8217;. En este \u00faltimo caso se reemplazar\u00e1 la letra &#8216;X&#8217;, actualmente usada en el campo de sexo, por las siglas &#8216;NB&#8217;.<\/strong><\/p>\n<p>Sobre la autoidentificaci\u00f3n ind\u00edgena o afromexicana, el INE estableci\u00f3 que es<strong>\u00a0&#8220;jur\u00eddicamente viable incorporar este dato en la CPV, siempre que se conciba como un elemento subjetivo de identidad, basado exclusivamente en la manifestaci\u00f3n consciente de la persona&#8221;.<\/strong><\/p>\n<p>Adem\u00e1s, este dato tendr\u00e1 efectos \u00fanicamente declarativos, no generar\u00e1 derechos pol\u00edtico-electorales diferenciados ni podr\u00e1 utilizarse como elemento para acreditar el cumplimiento de acciones afirmativas ind\u00edgenas en el registro de candidaturas. Las personas podr\u00e1n optar por imprimir la palabra &#8216;Ind\u00edgena&#8217; en su identificaci\u00f3n si as\u00ed lo manifiestan.<\/p>\n<p>Desde febrero de 2023, el<strong>\u00a0INE aprob\u00f3 incorporar la letra &#8216;X&#8217; en el apartado de &#8216;Sexo&#8217; para personas no binarias y desde entonces m\u00e1s de 27.000 cambios se han registrado en el padr\u00f3n electoral en relaci\u00f3n con el sexo, nombre y la categor\u00eda no binaria.<\/strong><\/p>\n","protected":false},"excerpt":{"rendered":"<p>El Consejo General del Instituto Nacional Electoral\u00a0(INE) de M\u00e9xico inform\u00f3 este jueves que a partir de junio pr\u00f3ximo, en la credencial para votar (CPV)\u00a0se podr\u00e1n incluir dos elementos m\u00e1s: identidad de g\u00e9nero autopercibida y autoidentificaci\u00f3n ind\u00edgena y\/o afromexicana. La presidenta de la Comisi\u00f3n del Registro Federal de Electores, la consejera Carla Humphrey, se\u00f1al\u00f3 en un [&hellip;]<\/p>\n","protected":false},"author":2,"featured_media":248865,"comment_status":"closed","ping_status":"closed","sticky":false,"template":"","format":"standard","meta":{"footnotes":""},"categories":[12870,12868],"tags":[12865,12879],"class_list":["post-248864","post","type-post","status-publish","format-standard","has-post-thumbnail","hentry","category-destacadas","category-politica","tag-destacadas","tag-politica"],"jetpack_featured_media_url":"https:\/\/rnoticias.com.mx\/Portal\/wp-content\/uploads\/2026\/03\/nueva-credencial-ine-2026.webp","amp_enabled":true,"_links":{"self":[{"href":"https:\/\/rnoticias.com.mx\/Portal\/wp-json\/wp\/v2\/posts\/248864","targetHints":{"allow":["GET"]}}],"collection":[{"href":"https:\/\/rnoticias.com.mx\/Portal\/wp-json\/wp\/v2\/posts"}],"about":[{"href":"https:\/\/rnoticias.com.mx\/Portal\/wp-json\/wp\/v2\/types\/post"}],"author":[{"embeddable":true,"href":"https:\/\/rnoticias.com.mx\/Portal\/wp-json\/wp\/v2\/users\/2"}],"replies":[{"embeddable":true,"href":"https:\/\/rnoticias.com.mx\/Portal\/wp-json\/wp\/v2\/comments?post=248864"}],"version-history":[{"count":1,"href":"https:\/\/rnoticias.com.mx\/Portal\/wp-json\/wp\/v2\/posts\/248864\/revisions"}],"predecessor-version":[{"id":248866,"href":"https:\/\/rnoticias.com.mx\/Portal\/wp-json\/wp\/v2\/posts\/248864\/revisions\/248866"}],"wp:featuredmedia":[{"embeddable":true,"href":"https:\/\/rnoticias.com.mx\/Portal\/wp-json\/wp\/v2\/media\/248865"}],"wp:attachment":[{"href":"https:\/\/rnoticias.com.mx\/Portal\/wp-json\/wp\/v2\/media?parent=248864"}],"wp:term":[{"taxonomy":"category","embeddable":true,"href":"https:\/\/rnoticias.com.mx\/Portal\/wp-json\/wp\/v2\/categories?post=248864"},{"taxonomy":"post_tag","embeddable":true,"href":"https:\/\/rnoticias.com.mx\/Portal\/wp-json\/wp\/v2\/tags?post=248864"}],"curies":[{"name":"wp","href":"https:\/\/api.w.org\/{rel}","templated":true}]}}