{"id":248861,"date":"2026-03-13T19:31:47","date_gmt":"2026-03-14T02:31:47","guid":{"rendered":"https:\/\/rnoticias.com.mx\/Portal\/?p=248861"},"modified":"2026-03-13T19:31:47","modified_gmt":"2026-03-14T02:31:47","slug":"comerciantes-de-hermosillo-se-suman-a-un-viernes-muy-mexicano-que-impulsan-gobernador-durazo-y-presidenta-sheinbaum","status":"publish","type":"post","link":"https:\/\/rnoticias.com.mx\/Portal\/2026\/03\/13\/comerciantes-de-hermosillo-se-suman-a-un-viernes-muy-mexicano-que-impulsan-gobernador-durazo-y-presidenta-sheinbaum\/","title":{"rendered":"Comerciantes de Hermosillo se suman a un \u201cViernes Muy Mexicano\u201d que impulsan Gobernador Durazo y Presidenta Sheinbaum"},"content":{"rendered":"<p>Hermosillo, Sonora; 13 de enero de 2026.- Comerciantes de Hermosillo ven en el programa \u201cViernes Muy Mexicano\u201d, que impulsan el gobernador Alfonso Durazo Monta\u00f1o, la presidenta Claudia Sheinbaum Pardo y la Concanaco Servytur, una oportunidad para acercar sus servicios a la comunidad, y rescatar el valor hist\u00f3rico de la actividad que llevan a cabo desde hace d\u00e9cadas.<\/p>\n<p>Migdelina Castillo Moreno, en representaci\u00f3n de los locatarios del Mercado Municipal, destac\u00f3 que con este programa podr\u00e1n impulsar toda la gastronom\u00eda mexicana as\u00ed como la sonorense, por lo que todas y todos los comerciantes agradecen el respaldo que est\u00e1 brindando el gobernador Alfonso Durazo Monta\u00f1o.<\/p>\n<p>\u201cEl comercio local debe de ser difundido, y sobre todo dar una opci\u00f3n muy importante para todo el consumidor. Estamos participando en un Viernes Muy Mexicano porque el Mercado Municipal es lo que brinda: brinda servicio muy mexicano, comidas muy mexicanas, y todo lo que es la gastronom\u00eda sonorense, entonces invitamos a todos para que vayan al mercado, el \u00faltimo viernes de cada mes estaremos con esta funci\u00f3n de un Viernes Muy Mexicano. Es muy importante participar, estamos contentos, y estamos aqu\u00ed tratando de cooperar para que todo salga de la mejor forma\u201d, indic\u00f3.<\/p>\n<p>Eduardo Brice\u00f1o, comerciante de venta de pollo, mencion\u00f3 que \u201cViernes Muy Mexicano\u201d ayudar\u00e1 a todos esos negocios familiares, como el suyo que data desde 1935 y que ahora sigue vigente con el trabajo conjunto con sus hijos.<\/p>\n<p>\u201cMuy contentos con la remodelaci\u00f3n del mercado, tengo trabajando desde hace 65 a\u00f1os. Mi abuela fue la que inici\u00f3 en 1935, luego mi madre, seguimos nosotros, luego mis hijos, pero bendito Dios con toda la ayuda del gobierno del estado\u201d, se\u00f1al\u00f3.<\/p>\n<p>Carlos Arturo Mungu\u00eda Murillo, due\u00f1o de cafeter\u00eda Elvira, agradeci\u00f3 el apoyo que el gobernador Durazo Monta\u00f1o ha brindado al comercio local, mediante el rescate del Mercado Municipal e iniciativas como \u201cViernes Muy Mexicano\u201d.<\/p>\n<p>\u201cEstamos muy agradecidos con el se\u00f1or gobernador por el milagro que hizo, que para m\u00ed es un milagro, los techos, la cimentaci\u00f3n, muy agradecido con el se\u00f1or gobernador\u201d, coment\u00f3.<\/p>\n<p>Gerardo Medina, locatario del Mercado Municipal, calific\u00f3 a este proyecto como una oportunidad de proyecci\u00f3n, donde se har\u00e1n promociones los \u00faltimos viernes de cada mes, adem\u00e1s de salvaguardar el legado de los negocios familiares.<\/p>\n<p>\u201cHoy tenemos que aprovechar la oportunidad de proyectarnos, hacer promociones, invitar a la gente a que nos visite, y que sea conveniente para ellos tambi\u00e9n, participar, hacer promociones, todos los compa\u00f1eros que les llama la atenci\u00f3n, que vayan a ver el mercado lo bonito que qued\u00f3, ahorita est\u00e1 muy presentable el mercado, que ya no le tengan miedo, ya no hay inseguridad, est\u00e1 muy bien, y abierta la invitaci\u00f3n a toda la gente\u201d, dijo<\/p>\n","protected":false},"excerpt":{"rendered":"<p>Hermosillo, Sonora; 13 de enero de 2026.- Comerciantes de Hermosillo ven en el programa \u201cViernes Muy Mexicano\u201d, que impulsan el gobernador Alfonso Durazo Monta\u00f1o, la presidenta Claudia Sheinbaum Pardo y la Concanaco Servytur, una oportunidad para acercar sus servicios a la comunidad, y rescatar el valor hist\u00f3rico de la actividad que llevan a cabo desde [&hellip;]<\/p>\n","protected":false},"author":2,"featured_media":248862,"comment_status":"closed","ping_status":"closed","sticky":false,"template":"","format":"standard","meta":{"footnotes":""},"categories":[12870,178],"tags":[12865,12869],"class_list":["post-248861","post","type-post","status-publish","format-standard","has-post-thumbnail","hentry","category-destacadas","category-local","tag-destacadas","tag-local"],"jetpack_featured_media_url":"https:\/\/rnoticias.com.mx\/Portal\/wp-content\/uploads\/2026\/03\/349.jpg","amp_enabled":true,"_links":{"self":[{"href":"https:\/\/rnoticias.com.mx\/Portal\/wp-json\/wp\/v2\/posts\/248861","targetHints":{"allow":["GET"]}}],"collection":[{"href":"https:\/\/rnoticias.com.mx\/Portal\/wp-json\/wp\/v2\/posts"}],"about":[{"href":"https:\/\/rnoticias.com.mx\/Portal\/wp-json\/wp\/v2\/types\/post"}],"author":[{"embeddable":true,"href":"https:\/\/rnoticias.com.mx\/Portal\/wp-json\/wp\/v2\/users\/2"}],"replies":[{"embeddable":true,"href":"https:\/\/rnoticias.com.mx\/Portal\/wp-json\/wp\/v2\/comments?post=248861"}],"version-history":[{"count":1,"href":"https:\/\/rnoticias.com.mx\/Portal\/wp-json\/wp\/v2\/posts\/248861\/revisions"}],"predecessor-version":[{"id":248863,"href":"https:\/\/rnoticias.com.mx\/Portal\/wp-json\/wp\/v2\/posts\/248861\/revisions\/248863"}],"wp:featuredmedia":[{"embeddable":true,"href":"https:\/\/rnoticias.com.mx\/Portal\/wp-json\/wp\/v2\/media\/248862"}],"wp:attachment":[{"href":"https:\/\/rnoticias.com.mx\/Portal\/wp-json\/wp\/v2\/media?parent=248861"}],"wp:term":[{"taxonomy":"category","embeddable":true,"href":"https:\/\/rnoticias.com.mx\/Portal\/wp-json\/wp\/v2\/categories?post=248861"},{"taxonomy":"post_tag","embeddable":true,"href":"https:\/\/rnoticias.com.mx\/Portal\/wp-json\/wp\/v2\/tags?post=248861"}],"curies":[{"name":"wp","href":"https:\/\/api.w.org\/{rel}","templated":true}]}}