{"id":248858,"date":"2026-03-13T19:22:42","date_gmt":"2026-03-14T02:22:42","guid":{"rendered":"https:\/\/rnoticias.com.mx\/Portal\/?p=248858"},"modified":"2026-03-13T19:22:42","modified_gmt":"2026-03-14T02:22:42","slug":"modifica-cg-del-iee-sonora-politicas-presupuestales-para-el-ejercicio-del-gasto","status":"publish","type":"post","link":"https:\/\/rnoticias.com.mx\/Portal\/2026\/03\/13\/modifica-cg-del-iee-sonora-politicas-presupuestales-para-el-ejercicio-del-gasto\/","title":{"rendered":"Modifica CG del IEE Sonora pol\u00edticas presupuestales para el ejercicio del gasto"},"content":{"rendered":"<p>Hermosillo, Sonora, 13 marzo de 2026.- El Consejo General del IEE Sonora, aprob\u00f3 modificaciones a las pol\u00edticas presupuestales para el ejercicio del gasto de este Instituto, necesarias para regir y supervisar su administraci\u00f3n y organizaci\u00f3n, dotando de certeza, transparencia y m\u00e1xima publicidad el actuar de este organismo electoral.<\/p>\n<p>A propuesta de la Junta General Ejecutiva (JGE); en sesi\u00f3n virtual ordinaria, las y los consejeros electorales validaron modificar el p\u00e1rrafo s\u00e9ptimo del apartado 5.7, as\u00ed como adicionar el apartado 11 relativo a las directrices para el otorgamiento de diversos apoyos de las unidades administrativas, incluyendo los que se entregan a las representaciones propietarias y suplentes de partidos pol\u00edticos y coaliciones, en t\u00e9rminos de los establecido en el art\u00edculo 83 de la Ley de Instituciones y Procedimientos Electorales para el estado de Sonora. (LIPEES).<\/p>\n<p>&nbsp;<\/p>\n<p>Para dar cumplimiento a los fines de este Instituto, se aprob\u00f3 a propuesta de la JGE, el Acuerdo relativo a la autorizaci\u00f3n para la adecuaci\u00f3n de recursos presupuestales compensados correspondientes al cuarto trimestre del ejercicio fiscal 2025, conforme a lo establecido en la Ley General de Contabilidad Gubernamental.<\/p>\n<p>&nbsp;<\/p>\n<p>En la sesi\u00f3n de este d\u00eda, se valid\u00f3 de igual forma, la propuesta de la JGE, respecto a la ampliaci\u00f3n l\u00edquida al presupuesto de egresos del ejercicio fiscal 2026, por $4,985,601.86, recursos que corresponden a las asignaciones destinadas para cubrir las erogaciones devengadas y pendientes de liquidar en el cierre del ejercicio fiscal anterior (2025).<\/p>\n<p>&nbsp;<\/p>\n<p>Secretar\u00eda Ejecutiva presenta informes<\/p>\n<p>&nbsp;<\/p>\n<p>La Secretar\u00eda Ejecutiva rindi\u00f3 el d\u00e9cimo primer informe de las actividades realizadas del 10 de enero al 10 de marzo de 2026, en seguimiento y cumplimiento de las medidas de no repetici\u00f3n previstas en los Acuerdos CG347\/2021 y CG212\/2024.<\/p>\n<p>&nbsp;<\/p>\n<p>En esta sesi\u00f3n ordinaria virtual, se pusieron a disposici\u00f3n por parte de la Secretar\u00eda Ejecutiva, los informes relativos al cumplimiento de los acuerdos del Consejo General, cuenta de peticiones y consultas, diligencias practicadas en ejercicio de la funci\u00f3n de oficial\u00eda electoral, medios de impugnaci\u00f3n, medidas cautelares, denuncias y las resoluciones dictadas por los tribunales electorales, correspondientes al periodo de enero a marzo 2026, con fundamento en las fracciones VI y VII del art\u00edculo 123 de la LIPEES.<\/p>\n<p>&nbsp;<\/p>\n<p>En la sesi\u00f3n virtual ordinaria de este d\u00eda, estuvieron presentes el consejero presidente Nery Ruiz Arvizu, las consejeras Alma Lorena Alonso Valdivia, Flor Terecita Barcel\u00f3 Noriega y Linda Viridiana Calder\u00f3n Monta\u00f1o; as\u00ed como los consejeros Benjam\u00edn Hern\u00e1ndez Avalos, Wilfredo Rom\u00e1n Morales Silva y Jaime Olea Miranda, adem\u00e1s del secretario ejecutivo, Fernando Chapetti Siordia y las representaciones de los partidos pol\u00edticos acreditados ante este \u00f3rgano electoral.<\/p>\n<p>&nbsp;<\/p>\n<p>Los informes y Acuerdos aprobados en la sesi\u00f3n virtual ordinaria de este d\u00eda est\u00e1n disponibles para su consulta en:<br \/>\nhttps:\/\/ieesonora.org.mx\/estructura\/organos_centrales\/consejo_general\/acuerdos<\/p>\n","protected":false},"excerpt":{"rendered":"<p>Hermosillo, Sonora, 13 marzo de 2026.- El Consejo General del IEE Sonora, aprob\u00f3 modificaciones a las pol\u00edticas presupuestales para el ejercicio del gasto de este Instituto, necesarias para regir y supervisar su administraci\u00f3n y organizaci\u00f3n, dotando de certeza, transparencia y m\u00e1xima publicidad el actuar de este organismo electoral. A propuesta de la Junta General Ejecutiva [&hellip;]<\/p>\n","protected":false},"author":2,"featured_media":248859,"comment_status":"closed","ping_status":"closed","sticky":false,"template":"","format":"standard","meta":{"footnotes":""},"categories":[12870,12868],"tags":[12865,12879],"class_list":["post-248858","post","type-post","status-publish","format-standard","has-post-thumbnail","hentry","category-destacadas","category-politica","tag-destacadas","tag-politica"],"jetpack_featured_media_url":"https:\/\/rnoticias.com.mx\/Portal\/wp-content\/uploads\/2026\/03\/38.jpg","amp_enabled":true,"_links":{"self":[{"href":"https:\/\/rnoticias.com.mx\/Portal\/wp-json\/wp\/v2\/posts\/248858","targetHints":{"allow":["GET"]}}],"collection":[{"href":"https:\/\/rnoticias.com.mx\/Portal\/wp-json\/wp\/v2\/posts"}],"about":[{"href":"https:\/\/rnoticias.com.mx\/Portal\/wp-json\/wp\/v2\/types\/post"}],"author":[{"embeddable":true,"href":"https:\/\/rnoticias.com.mx\/Portal\/wp-json\/wp\/v2\/users\/2"}],"replies":[{"embeddable":true,"href":"https:\/\/rnoticias.com.mx\/Portal\/wp-json\/wp\/v2\/comments?post=248858"}],"version-history":[{"count":1,"href":"https:\/\/rnoticias.com.mx\/Portal\/wp-json\/wp\/v2\/posts\/248858\/revisions"}],"predecessor-version":[{"id":248860,"href":"https:\/\/rnoticias.com.mx\/Portal\/wp-json\/wp\/v2\/posts\/248858\/revisions\/248860"}],"wp:featuredmedia":[{"embeddable":true,"href":"https:\/\/rnoticias.com.mx\/Portal\/wp-json\/wp\/v2\/media\/248859"}],"wp:attachment":[{"href":"https:\/\/rnoticias.com.mx\/Portal\/wp-json\/wp\/v2\/media?parent=248858"}],"wp:term":[{"taxonomy":"category","embeddable":true,"href":"https:\/\/rnoticias.com.mx\/Portal\/wp-json\/wp\/v2\/categories?post=248858"},{"taxonomy":"post_tag","embeddable":true,"href":"https:\/\/rnoticias.com.mx\/Portal\/wp-json\/wp\/v2\/tags?post=248858"}],"curies":[{"name":"wp","href":"https:\/\/api.w.org\/{rel}","templated":true}]}}